





{"id":59544,"date":"2025-06-09T11:03:43","date_gmt":"2025-06-09T15:03:43","guid":{"rendered":"https:\/\/cupe.on.ca\/ndp-mpp-lise-vaugeois-to-join-wsib-strike-picket-line-in-thunder-bay\/"},"modified":"2025-06-17T09:24:14","modified_gmt":"2025-06-17T13:24:14","slug":"ndp-mpp-lise-vaugeois-to-join-wsib-strike-picket-line-in-thunder-bay","status":"publish","type":"post","link":"https:\/\/cupe.on.ca\/fr\/ndp-mpp-lise-vaugeois-to-join-wsib-strike-picket-line-in-thunder-bay\/","title":{"rendered":"La d\u00e9put\u00e9e provinciale n\u00e9o-d\u00e9mocrate Lise Vaugeois se joindra au piquet de gr\u00e8ve de la CSPAAT \u00e0 Thunder Bay"},"content":{"rendered":"<p><em>Le personnel de premi\u00e8re ligne de la CSPAAT de l&rsquo;Ontario poursuit sa lutte pour des salaires \u00e9quitables, des lieux de travail s\u00e9curitaires et la s\u00e9curit\u00e9 d&#8217;emploi alors que le soutien politique s&rsquo;intensifie<\/em><\/p>\n<p>THUNDER BAY, ON &#8211;\u00a0La d\u00e9put\u00e9e provinciale n\u00e9o-d\u00e9mocrate de Thunder Bay\u2013Superior North, Lise Vaugeois, porte-parole d&rsquo;opposition en mati\u00e8re de services aux a\u00een\u00e9s et d&rsquo;accessibilit\u00e9, responsable de la CSPAAT et des travailleurs bless\u00e9s, se joindra au piquet de gr\u00e8ve au 605, promenade Sibley, le lundi 9 juin 2025, afin d&rsquo;appuyer les 3 600 travailleurs de la CSPAAT en gr\u00e8ve repr\u00e9sent\u00e9s par le Syndicat des employ\u00e9s de la Commission de la s\u00e9curit\u00e9 de l&rsquo;Ontario (OCEU\/SCFP 1750). Les membres de la section locale 1750 de l&rsquo;OCEU\/SCFP, en gr\u00e8ve depuis plus de deux semaines, r\u00e9clament des salaires \u00e9quitables, des lieux de travail plus s\u00fbrs et la fin de l&rsquo;externalisation des emplois ontariens vers des entreprises bas\u00e9es aux \u00c9tats-Unis.<\/p>\n<p>Le piquet de gr\u00e8ve se d\u00e9roulera de 9 h \u00e0 midi, et la d\u00e9put\u00e9e provinciale Vaugeois devrait arriver \u00e0 10 h pour prononcer une allocution.<\/p>\n<p>\u00ab Au lieu d&rsquo;\u00e9couter les travailleurs bless\u00e9s et les employ\u00e9s de premi\u00e8re ligne, la direction de la CSPAAT et le gouvernement Ford ont d\u00e9cid\u00e9 de les exclure et de sous-traiter des services essentiels aux \u00c9tats-Unis. Aujourd&rsquo;hui, ce sont les travailleurs bless\u00e9s qui en paient le prix avec des retards et des arri\u00e9r\u00e9s, tandis que les employeurs empochent des millions de dollars en rabais injustifi\u00e9s. Les Ontariens m\u00e9ritent mieux \u00bb, a d\u00e9clar\u00e9 Lise Vaugeois, d\u00e9put\u00e9e provinciale de Thunder Bay-Superior North. C&rsquo;est la sixi\u00e8me fois que je me tiens publiquement aux c\u00f4t\u00e9s de la section locale 1750 du SCFP, et je continue d&rsquo;appeler la direction de la CSPAAT \u00e0 revenir \u00e0 la table des n\u00e9gociations et \u00e0 conclure un accord \u00e9quitable qui respecte le personnel et garantit aux travailleurs bless\u00e9s le soutien qu&rsquo;ils m\u00e9ritent. \u00bb<\/p>\n<p>Depuis le d\u00e9but de la gr\u00e8ve, la d\u00e9put\u00e9e provinciale Vaugeois s&rsquo;est fait l&rsquo;avocate des travailleurs \u00e0 Queen&rsquo;s Park, soulevant leurs pr\u00e9occupations devant l&rsquo;Assembl\u00e9e l\u00e9gislative et faisant pression sur le gouvernement Ford pour qu&rsquo;il r\u00e8gle la crise actuelle de la CSPAAT.<\/p>\n<p>\u00ab La d\u00e9put\u00e9e provinciale Vaugeois a \u00e9t\u00e9 une alli\u00e9e incroyable, amenant nos piquets de gr\u00e8ve \u00e0 Queen&rsquo;s Park et martelant le gouvernement en notre nom \u00bb, a d\u00e9clar\u00e9 Harry Goslin, pr\u00e9sident de la section locale 1750 de l&rsquo;OCEU\/SCFP. \u00ab C&rsquo;est un grand plaisir de la voir maintenant se joindre \u00e0 nous en personne. Son soutien signifie beaucoup pour nos membres \u00e0 Thunder Bay et dans tout l&rsquo;Ontario. \u00bb<\/p>\n<p>Les membres de la section locale 1750 de l&rsquo;OCEU\/SCFP continuent de faire face \u00e0 un manque chronique de personnel, \u00e0 des salaires stagnants et \u00e0 une pression croissante pour externaliser des services publics essentiels. Le syndicat appelle le gouvernement Ford et la direction de la CSPAAT \u00e0 investir dans les travailleurs de premi\u00e8re ligne et \u00e0 prot\u00e9ger les bons emplois syndiqu\u00e9s en Ontario.<\/p>\n<p>-30-<\/p>\n<p>Pour plus d&rsquo;informations ou pour organiser une entrevue avec un porte-parole, veuillez contacter :<\/p>\n<p>Bill Chalupiak<\/p>\n<p>Repr\u00e9sentant des communications du SCFP<\/p>\n<p><a href=\"mailto:wchalupiak@cupe.ca\">wchalupiak@cupe.ca<\/a><\/p>\n<p>416-707-1401<\/p>\n<p>mb\/cope491<\/p>\n","protected":false},"excerpt":{"rendered":"<p>Le personnel de premi\u00e8re ligne de la CSPAAT de l&rsquo;Ontario poursuit sa lutte pour des salaires \u00e9quitables, des lieux de travail s\u00e9curitaires et la s\u00e9curit\u00e9 d&#8217;emploi alors que le soutien politique s&rsquo;intensifie THUNDER BAY, ON &#8211;\u00a0La d\u00e9put\u00e9e provinciale n\u00e9o-d\u00e9mocrate de Thunder Bay\u2013Superior North, Lise Vaugeois, porte-parole d&rsquo;opposition en mati\u00e8re de services aux a\u00een\u00e9s et d&rsquo;accessibilit\u00e9,&hellip;<\/p>\n","protected":false},"author":21,"featured_media":0,"comment_status":"closed","ping_status":"open","sticky":false,"template":"","format":"standard","meta":{"_acf_changed":false,"footnotes":""},"categories":[247,260],"tags":[],"class_list":["post-59544","post","type-post","status-publish","format-standard","hentry","category-la-solidarite","category-strikesupport-fr","category-247","category-260","description-off"],"acf":[],"yoast_head":"<!-- This site is optimized with the Yoast SEO plugin v28.3 - https:\/\/yoast.com\/product\/yoast-seo-wordpress\/ -->\n<title>La d\u00e9put\u00e9e provinciale n\u00e9o-d\u00e9mocrate Lise Vaugeois se joindra au piquet de gr\u00e8ve de la CSPAAT \u00e0 Thunder Bay - SCFP-Ontario<\/title>\n<meta name=\"robots\" content=\"index, follow, max-snippet:-1, max-image-preview:large, max-video-preview:-1\" \/>\n<link rel=\"canonical\" href=\"https:\/\/cupe.on.ca\/fr\/ndp-mpp-lise-vaugeois-to-join-wsib-strike-picket-line-in-thunder-bay\/\" \/>\n<meta property=\"og:locale\" content=\"fr_FR\" \/>\n<meta property=\"og:type\" content=\"article\" \/>\n<meta property=\"og:title\" content=\"La d\u00e9put\u00e9e provinciale n\u00e9o-d\u00e9mocrate Lise Vaugeois se joindra au piquet de gr\u00e8ve de la CSPAAT \u00e0 Thunder Bay - SCFP-Ontario\" \/>\n<meta property=\"og:description\" content=\"Le personnel de premi\u00e8re ligne de la CSPAAT de l&rsquo;Ontario poursuit sa lutte pour des salaires \u00e9quitables, des lieux de travail s\u00e9curitaires et la s\u00e9curit\u00e9 d&#8217;emploi alors que le soutien politique s&rsquo;intensifie THUNDER BAY, ON &#8211;\u00a0La d\u00e9put\u00e9e provinciale n\u00e9o-d\u00e9mocrate de Thunder Bay\u2013Superior North, Lise Vaugeois, porte-parole d&rsquo;opposition en mati\u00e8re de services aux a\u00een\u00e9s et d&rsquo;accessibilit\u00e9,&hellip;\" \/>\n<meta property=\"og:url\" content=\"https:\/\/cupe.on.ca\/fr\/ndp-mpp-lise-vaugeois-to-join-wsib-strike-picket-line-in-thunder-bay\/\" \/>\n<meta property=\"og:site_name\" content=\"SCFP-Ontario\" \/>\n<meta property=\"article:publisher\" content=\"https:\/\/facebook.com\/CUPEOntario\" \/>\n<meta property=\"article:published_time\" content=\"2025-06-09T15:03:43+00:00\" \/>\n<meta property=\"article:modified_time\" content=\"2025-06-17T13:24:14+00:00\" \/>\n<meta property=\"og:image\" content=\"https:\/\/cupe.on.ca\/wp-content\/uploads\/2020\/09\/cupetwitter2.jpg\" \/>\n\t<meta property=\"og:image:width\" content=\"1200\" \/>\n\t<meta property=\"og:image:height\" content=\"630\" \/>\n\t<meta property=\"og:image:type\" content=\"image\/jpeg\" \/>\n<meta name=\"author\" content=\"Alisha Sharma\" \/>\n<meta name=\"twitter:card\" content=\"summary_large_image\" \/>\n<meta name=\"twitter:creator\" content=\"@CUPEOntario\" \/>\n<meta name=\"twitter:site\" content=\"@CUPEOntario\" \/>\n<script type=\"application\/ld+json\" class=\"yoast-schema-graph\">{\"@context\":\"https:\\\/\\\/schema.org\",\"@graph\":[{\"@type\":\"Article\",\"@id\":\"https:\\\/\\\/cupe.on.ca\\\/fr\\\/ndp-mpp-lise-vaugeois-to-join-wsib-strike-picket-line-in-thunder-bay\\\/#article\",\"isPartOf\":{\"@id\":\"https:\\\/\\\/cupe.on.ca\\\/fr\\\/ndp-mpp-lise-vaugeois-to-join-wsib-strike-picket-line-in-thunder-bay\\\/\"},\"author\":{\"name\":\"Alisha Sharma\",\"@id\":\"https:\\\/\\\/cupe.on.ca\\\/fr\\\/#\\\/schema\\\/person\\\/0a67c9ec31b14c86d26e95dc2a13e3dc\"},\"headline\":\"La d\u00e9put\u00e9e provinciale n\u00e9o-d\u00e9mocrate Lise Vaugeois se joindra au piquet de gr\u00e8ve de la CSPAAT \u00e0 Thunder Bay\",\"datePublished\":\"2025-06-09T15:03:43+00:00\",\"dateModified\":\"2025-06-17T13:24:14+00:00\",\"mainEntityOfPage\":{\"@id\":\"https:\\\/\\\/cupe.on.ca\\\/fr\\\/ndp-mpp-lise-vaugeois-to-join-wsib-strike-picket-line-in-thunder-bay\\\/\"},\"wordCount\":560,\"articleSection\":[\"La solidarit\u00e9\",\"Strike Support\"],\"inLanguage\":\"fr-FR\"},{\"@type\":\"WebPage\",\"@id\":\"https:\\\/\\\/cupe.on.ca\\\/fr\\\/ndp-mpp-lise-vaugeois-to-join-wsib-strike-picket-line-in-thunder-bay\\\/\",\"url\":\"https:\\\/\\\/cupe.on.ca\\\/fr\\\/ndp-mpp-lise-vaugeois-to-join-wsib-strike-picket-line-in-thunder-bay\\\/\",\"name\":\"La d\u00e9put\u00e9e provinciale n\u00e9o-d\u00e9mocrate Lise Vaugeois se joindra au piquet de gr\u00e8ve de la CSPAAT \u00e0 Thunder Bay - SCFP-Ontario\",\"isPartOf\":{\"@id\":\"https:\\\/\\\/cupe.on.ca\\\/fr\\\/#website\"},\"datePublished\":\"2025-06-09T15:03:43+00:00\",\"dateModified\":\"2025-06-17T13:24:14+00:00\",\"author\":{\"@id\":\"https:\\\/\\\/cupe.on.ca\\\/fr\\\/#\\\/schema\\\/person\\\/0a67c9ec31b14c86d26e95dc2a13e3dc\"},\"breadcrumb\":{\"@id\":\"https:\\\/\\\/cupe.on.ca\\\/fr\\\/ndp-mpp-lise-vaugeois-to-join-wsib-strike-picket-line-in-thunder-bay\\\/#breadcrumb\"},\"inLanguage\":\"fr-FR\",\"potentialAction\":[{\"@type\":\"ReadAction\",\"target\":[\"https:\\\/\\\/cupe.on.ca\\\/fr\\\/ndp-mpp-lise-vaugeois-to-join-wsib-strike-picket-line-in-thunder-bay\\\/\"]}]},{\"@type\":\"BreadcrumbList\",\"@id\":\"https:\\\/\\\/cupe.on.ca\\\/fr\\\/ndp-mpp-lise-vaugeois-to-join-wsib-strike-picket-line-in-thunder-bay\\\/#breadcrumb\",\"itemListElement\":[{\"@type\":\"ListItem\",\"position\":1,\"name\":\"Home\",\"item\":\"https:\\\/\\\/cupe.on.ca\\\/fr\\\/\"},{\"@type\":\"ListItem\",\"position\":2,\"name\":\"La d\u00e9put\u00e9e provinciale n\u00e9o-d\u00e9mocrate Lise Vaugeois se joindra au piquet de gr\u00e8ve de la CSPAAT \u00e0 Thunder Bay\"}]},{\"@type\":\"WebSite\",\"@id\":\"https:\\\/\\\/cupe.on.ca\\\/fr\\\/#website\",\"url\":\"https:\\\/\\\/cupe.on.ca\\\/fr\\\/\",\"name\":\"SCFP-Ontario\",\"description\":\"B\u00e2tir Un Ontario Meilleur\",\"potentialAction\":[{\"@type\":\"SearchAction\",\"target\":{\"@type\":\"EntryPoint\",\"urlTemplate\":\"https:\\\/\\\/cupe.on.ca\\\/fr\\\/?s={search_term_string}\"},\"query-input\":{\"@type\":\"PropertyValueSpecification\",\"valueRequired\":true,\"valueName\":\"search_term_string\"}}],\"inLanguage\":\"fr-FR\"},{\"@type\":\"Person\",\"@id\":\"https:\\\/\\\/cupe.on.ca\\\/fr\\\/#\\\/schema\\\/person\\\/0a67c9ec31b14c86d26e95dc2a13e3dc\",\"name\":\"Alisha Sharma\",\"url\":\"https:\\\/\\\/cupe.on.ca\\\/fr\\\/author\\\/asharmacupe-on-ca\\\/\"}]}<\/script>\n<!-- \/ Yoast SEO plugin. -->","yoast_head_json":{"title":"La d\u00e9put\u00e9e provinciale n\u00e9o-d\u00e9mocrate Lise Vaugeois se joindra au piquet de gr\u00e8ve de la CSPAAT \u00e0 Thunder Bay - SCFP-Ontario","robots":{"index":"index","follow":"follow","max-snippet":"max-snippet:-1","max-image-preview":"max-image-preview:large","max-video-preview":"max-video-preview:-1"},"canonical":"https:\/\/cupe.on.ca\/fr\/ndp-mpp-lise-vaugeois-to-join-wsib-strike-picket-line-in-thunder-bay\/","og_locale":"fr_FR","og_type":"article","og_title":"La d\u00e9put\u00e9e provinciale n\u00e9o-d\u00e9mocrate Lise Vaugeois se joindra au piquet de gr\u00e8ve de la CSPAAT \u00e0 Thunder Bay - SCFP-Ontario","og_description":"Le personnel de premi\u00e8re ligne de la CSPAAT de l&rsquo;Ontario poursuit sa lutte pour des salaires \u00e9quitables, des lieux de travail s\u00e9curitaires et la s\u00e9curit\u00e9 d&#8217;emploi alors que le soutien politique s&rsquo;intensifie THUNDER BAY, ON &#8211;\u00a0La d\u00e9put\u00e9e provinciale n\u00e9o-d\u00e9mocrate de Thunder Bay\u2013Superior North, Lise Vaugeois, porte-parole d&rsquo;opposition en mati\u00e8re de services aux a\u00een\u00e9s et d&rsquo;accessibilit\u00e9,&hellip;","og_url":"https:\/\/cupe.on.ca\/fr\/ndp-mpp-lise-vaugeois-to-join-wsib-strike-picket-line-in-thunder-bay\/","og_site_name":"SCFP-Ontario","article_publisher":"https:\/\/facebook.com\/CUPEOntario","article_published_time":"2025-06-09T15:03:43+00:00","article_modified_time":"2025-06-17T13:24:14+00:00","og_image":[{"width":1200,"height":630,"url":"https:\/\/cupe.on.ca\/wp-content\/uploads\/2020\/09\/cupetwitter2.jpg","type":"image\/jpeg"}],"author":"Alisha Sharma","twitter_card":"summary_large_image","twitter_creator":"@CUPEOntario","twitter_site":"@CUPEOntario","schema":{"@context":"https:\/\/schema.org","@graph":[{"@type":"Article","@id":"https:\/\/cupe.on.ca\/fr\/ndp-mpp-lise-vaugeois-to-join-wsib-strike-picket-line-in-thunder-bay\/#article","isPartOf":{"@id":"https:\/\/cupe.on.ca\/fr\/ndp-mpp-lise-vaugeois-to-join-wsib-strike-picket-line-in-thunder-bay\/"},"author":{"name":"Alisha Sharma","@id":"https:\/\/cupe.on.ca\/fr\/#\/schema\/person\/0a67c9ec31b14c86d26e95dc2a13e3dc"},"headline":"La d\u00e9put\u00e9e provinciale n\u00e9o-d\u00e9mocrate Lise Vaugeois se joindra au piquet de gr\u00e8ve de la CSPAAT \u00e0 Thunder Bay","datePublished":"2025-06-09T15:03:43+00:00","dateModified":"2025-06-17T13:24:14+00:00","mainEntityOfPage":{"@id":"https:\/\/cupe.on.ca\/fr\/ndp-mpp-lise-vaugeois-to-join-wsib-strike-picket-line-in-thunder-bay\/"},"wordCount":560,"articleSection":["La solidarit\u00e9","Strike Support"],"inLanguage":"fr-FR"},{"@type":"WebPage","@id":"https:\/\/cupe.on.ca\/fr\/ndp-mpp-lise-vaugeois-to-join-wsib-strike-picket-line-in-thunder-bay\/","url":"https:\/\/cupe.on.ca\/fr\/ndp-mpp-lise-vaugeois-to-join-wsib-strike-picket-line-in-thunder-bay\/","name":"La d\u00e9put\u00e9e provinciale n\u00e9o-d\u00e9mocrate Lise Vaugeois se joindra au piquet de gr\u00e8ve de la CSPAAT \u00e0 Thunder Bay - SCFP-Ontario","isPartOf":{"@id":"https:\/\/cupe.on.ca\/fr\/#website"},"datePublished":"2025-06-09T15:03:43+00:00","dateModified":"2025-06-17T13:24:14+00:00","author":{"@id":"https:\/\/cupe.on.ca\/fr\/#\/schema\/person\/0a67c9ec31b14c86d26e95dc2a13e3dc"},"breadcrumb":{"@id":"https:\/\/cupe.on.ca\/fr\/ndp-mpp-lise-vaugeois-to-join-wsib-strike-picket-line-in-thunder-bay\/#breadcrumb"},"inLanguage":"fr-FR","potentialAction":[{"@type":"ReadAction","target":["https:\/\/cupe.on.ca\/fr\/ndp-mpp-lise-vaugeois-to-join-wsib-strike-picket-line-in-thunder-bay\/"]}]},{"@type":"BreadcrumbList","@id":"https:\/\/cupe.on.ca\/fr\/ndp-mpp-lise-vaugeois-to-join-wsib-strike-picket-line-in-thunder-bay\/#breadcrumb","itemListElement":[{"@type":"ListItem","position":1,"name":"Home","item":"https:\/\/cupe.on.ca\/fr\/"},{"@type":"ListItem","position":2,"name":"La d\u00e9put\u00e9e provinciale n\u00e9o-d\u00e9mocrate Lise Vaugeois se joindra au piquet de gr\u00e8ve de la CSPAAT \u00e0 Thunder Bay"}]},{"@type":"WebSite","@id":"https:\/\/cupe.on.ca\/fr\/#website","url":"https:\/\/cupe.on.ca\/fr\/","name":"SCFP-Ontario","description":"B\u00e2tir Un Ontario Meilleur","potentialAction":[{"@type":"SearchAction","target":{"@type":"EntryPoint","urlTemplate":"https:\/\/cupe.on.ca\/fr\/?s={search_term_string}"},"query-input":{"@type":"PropertyValueSpecification","valueRequired":true,"valueName":"search_term_string"}}],"inLanguage":"fr-FR"},{"@type":"Person","@id":"https:\/\/cupe.on.ca\/fr\/#\/schema\/person\/0a67c9ec31b14c86d26e95dc2a13e3dc","name":"Alisha Sharma","url":"https:\/\/cupe.on.ca\/fr\/author\/asharmacupe-on-ca\/"}]}},"_links":{"self":[{"href":"https:\/\/cupe.on.ca\/fr\/wp-json\/wp\/v2\/posts\/59544","targetHints":{"allow":["GET"]}}],"collection":[{"href":"https:\/\/cupe.on.ca\/fr\/wp-json\/wp\/v2\/posts"}],"about":[{"href":"https:\/\/cupe.on.ca\/fr\/wp-json\/wp\/v2\/types\/post"}],"author":[{"embeddable":true,"href":"https:\/\/cupe.on.ca\/fr\/wp-json\/wp\/v2\/users\/21"}],"replies":[{"embeddable":true,"href":"https:\/\/cupe.on.ca\/fr\/wp-json\/wp\/v2\/comments?post=59544"}],"version-history":[{"count":0,"href":"https:\/\/cupe.on.ca\/fr\/wp-json\/wp\/v2\/posts\/59544\/revisions"}],"wp:attachment":[{"href":"https:\/\/cupe.on.ca\/fr\/wp-json\/wp\/v2\/media?parent=59544"}],"wp:term":[{"taxonomy":"category","embeddable":true,"href":"https:\/\/cupe.on.ca\/fr\/wp-json\/wp\/v2\/categories?post=59544"},{"taxonomy":"post_tag","embeddable":true,"href":"https:\/\/cupe.on.ca\/fr\/wp-json\/wp\/v2\/tags?post=59544"}],"curies":[{"name":"wp","href":"https:\/\/api.w.org\/{rel}","templated":true}]}}