





{"id":54945,"date":"2024-06-21T13:03:43","date_gmt":"2024-06-21T17:03:43","guid":{"rendered":"https:\/\/cupe.on.ca\/?p=54945"},"modified":"2024-06-21T16:43:51","modified_gmt":"2024-06-21T20:43:51","slug":"travailleurs-du-centre-technologique-de-la-bibliotheque-publique-de-fort-frances-votent-pour-se-joindre-au-scfp","status":"publish","type":"post","link":"https:\/\/cupe.on.ca\/fr\/travailleurs-du-centre-technologique-de-la-bibliotheque-publique-de-fort-frances-votent-pour-se-joindre-au-scfp\/","title":{"rendered":"Travailleurs du centre technologique de la biblioth\u00e8que publique de Fort Frances votent pour se joindre au SCFP"},"content":{"rendered":"<p style=\"text-align: center;\"><strong><em>Treize employ\u00e9s de biblioth\u00e8que rejoignent la section locale 65 du SCFP<\/em><\/strong><\/p>\n<p><strong>\u00a0<\/strong><strong>FORT FRANCES, ON &#8211; <\/strong>Mercredi, les biblioth\u00e9caires du Centre de technologie de la Biblioth\u00e8que publique de Fort Frances ont vot\u00e9 en faveur de l&rsquo;adh\u00e9sion au SCFP.<\/p>\n<p>\u00ab\u00a0Nous sommes heureux\u00a0\u00bb, a d\u00e9clar\u00e9 Joelle Barron, qui travaille \u00e0 temps partiel \u00e0 la biblioth\u00e8que. \u00ab\u00a0Il y a longtemps que nous attendions cela et nous sommes ravis d&rsquo;entamer notre processus de n\u00e9gociation collective avec le SCFP.\u00a0 Tout ce que nous voulons, c&rsquo;est \u00eatre soutenus afin de pouvoir continuer \u00e0 servir la communaut\u00e9 de Fort Frances de la meilleure fa\u00e7on possible\u00a0\u00bb.<\/p>\n<p>Treize travailleurs du Centre de technologie de la Biblioth\u00e8que publique de Fort Frances se joindront \u00e0 la section locale 65 du SCFP, qui repr\u00e9sente les travailleurs de la ville de Fort Frances.<\/p>\n<p>Des probl\u00e8mes avec la direction, des coupes budg\u00e9taires et une r\u00e9duction des heures de travail ont conduit les employ\u00e9s de la biblioth\u00e8que de Fort Frances \u00e0 se syndiquer avec le SCFP. \u00ab\u00a0Nous voulions b\u00e9n\u00e9ficier des m\u00eames protections et avantages que la section locale 65 du SCFP\u00a0\u00bb, a d\u00e9clar\u00e9 M. Barron.<\/p>\n<p>Le SCFP repr\u00e9sente les travailleurs de plus de 60 syst\u00e8mes de biblioth\u00e8ques publiques en Ontario.<\/p>\n<p style=\"text-align: center;\">-30-<\/p>\n<p>&nbsp;<\/p>\n<p><strong>Pour plus d&rsquo;informations<\/strong><strong>,<\/strong><strong> veuillez contacter <\/strong><\/p>\n<p>Shannon Carranco, CUPE Communications,<\/p>\n<p>514-703-8358<\/p>\n<p><a href=\"mailto:scarranco@cupe.ca\">scarranco@cupe.ca <\/a><\/p>\n<p>&nbsp;<\/p>\n<h6><sub>hr\/cope491<\/sub><\/h6>\n","protected":false},"excerpt":{"rendered":"<p>Treize employ\u00e9s de biblioth\u00e8que rejoignent la section locale 65 du SCFP \u00a0FORT FRANCES, ON &#8211; Mercredi, les biblioth\u00e9caires du Centre de technologie de la Biblioth\u00e8que publique de Fort Frances ont vot\u00e9 en faveur de l&rsquo;adh\u00e9sion au SCFP. \u00ab\u00a0Nous sommes heureux\u00a0\u00bb, a d\u00e9clar\u00e9 Joelle Barron, qui travaille \u00e0 temps partiel \u00e0 la biblioth\u00e8que. \u00ab\u00a0Il y a&hellip;<\/p>\n","protected":false},"author":24,"featured_media":0,"comment_status":"closed","ping_status":"open","sticky":false,"template":"","format":"standard","meta":{"_acf_changed":false,"footnotes":""},"categories":[247],"tags":[],"class_list":["post-54945","post","type-post","status-publish","format-standard","hentry","category-la-solidarite","category-247","description-off"],"acf":[],"yoast_head":"<!-- This site is optimized with the Yoast SEO plugin v28.3 - https:\/\/yoast.com\/product\/yoast-seo-wordpress\/ -->\n<title>Travailleurs du centre technologique de la biblioth\u00e8que publique de Fort Frances votent pour se joindre au SCFP - SCFP-Ontario<\/title>\n<meta name=\"robots\" content=\"index, follow, max-snippet:-1, max-image-preview:large, max-video-preview:-1\" \/>\n<link rel=\"canonical\" href=\"https:\/\/cupe.on.ca\/fr\/travailleurs-du-centre-technologique-de-la-bibliotheque-publique-de-fort-frances-votent-pour-se-joindre-au-scfp\/\" \/>\n<meta property=\"og:locale\" content=\"fr_FR\" \/>\n<meta property=\"og:type\" content=\"article\" \/>\n<meta property=\"og:title\" content=\"Travailleurs du centre technologique de la biblioth\u00e8que publique de Fort Frances votent pour se joindre au SCFP - SCFP-Ontario\" \/>\n<meta property=\"og:description\" content=\"Treize employ\u00e9s de biblioth\u00e8que rejoignent la section locale 65 du SCFP \u00a0FORT FRANCES, ON &#8211; Mercredi, les biblioth\u00e9caires du Centre de technologie de la Biblioth\u00e8que publique de Fort Frances ont vot\u00e9 en faveur de l&rsquo;adh\u00e9sion au SCFP. \u00ab\u00a0Nous sommes heureux\u00a0\u00bb, a d\u00e9clar\u00e9 Joelle Barron, qui travaille \u00e0 temps partiel \u00e0 la biblioth\u00e8que. \u00ab\u00a0Il y a&hellip;\" \/>\n<meta property=\"og:url\" content=\"https:\/\/cupe.on.ca\/fr\/travailleurs-du-centre-technologique-de-la-bibliotheque-publique-de-fort-frances-votent-pour-se-joindre-au-scfp\/\" \/>\n<meta property=\"og:site_name\" content=\"SCFP-Ontario\" \/>\n<meta property=\"article:publisher\" content=\"https:\/\/facebook.com\/CUPEOntario\" \/>\n<meta property=\"article:published_time\" content=\"2024-06-21T17:03:43+00:00\" \/>\n<meta property=\"article:modified_time\" content=\"2024-06-21T20:43:51+00:00\" \/>\n<meta property=\"og:image\" content=\"https:\/\/cupe.on.ca\/wp-content\/uploads\/2020\/09\/cupetwitter2.jpg\" \/>\n\t<meta property=\"og:image:width\" content=\"1200\" \/>\n\t<meta property=\"og:image:height\" content=\"630\" \/>\n\t<meta property=\"og:image:type\" content=\"image\/jpeg\" \/>\n<meta name=\"author\" content=\"Maryant Perez\" \/>\n<meta name=\"twitter:card\" content=\"summary_large_image\" \/>\n<meta name=\"twitter:creator\" content=\"@CUPEOntario\" \/>\n<meta name=\"twitter:site\" content=\"@CUPEOntario\" \/>\n<script type=\"application\/ld+json\" class=\"yoast-schema-graph\">{\"@context\":\"https:\\\/\\\/schema.org\",\"@graph\":[{\"@type\":\"Article\",\"@id\":\"https:\\\/\\\/cupe.on.ca\\\/fr\\\/travailleurs-du-centre-technologique-de-la-bibliotheque-publique-de-fort-frances-votent-pour-se-joindre-au-scfp\\\/#article\",\"isPartOf\":{\"@id\":\"https:\\\/\\\/cupe.on.ca\\\/fr\\\/travailleurs-du-centre-technologique-de-la-bibliotheque-publique-de-fort-frances-votent-pour-se-joindre-au-scfp\\\/\"},\"author\":{\"name\":\"Maryant Perez\",\"@id\":\"https:\\\/\\\/cupe.on.ca\\\/fr\\\/#\\\/schema\\\/person\\\/941ebc85fcf3edd16e60db7b4d9a4c80\"},\"headline\":\"Travailleurs du centre technologique de la biblioth\u00e8que publique de Fort Frances votent pour se joindre au SCFP\",\"datePublished\":\"2024-06-21T17:03:43+00:00\",\"dateModified\":\"2024-06-21T20:43:51+00:00\",\"mainEntityOfPage\":{\"@id\":\"https:\\\/\\\/cupe.on.ca\\\/fr\\\/travailleurs-du-centre-technologique-de-la-bibliotheque-publique-de-fort-frances-votent-pour-se-joindre-au-scfp\\\/\"},\"wordCount\":246,\"articleSection\":[\"La solidarit\u00e9\"],\"inLanguage\":\"fr-FR\"},{\"@type\":\"WebPage\",\"@id\":\"https:\\\/\\\/cupe.on.ca\\\/fr\\\/travailleurs-du-centre-technologique-de-la-bibliotheque-publique-de-fort-frances-votent-pour-se-joindre-au-scfp\\\/\",\"url\":\"https:\\\/\\\/cupe.on.ca\\\/fr\\\/travailleurs-du-centre-technologique-de-la-bibliotheque-publique-de-fort-frances-votent-pour-se-joindre-au-scfp\\\/\",\"name\":\"Travailleurs du centre technologique de la biblioth\u00e8que publique de Fort Frances votent pour se joindre au SCFP - SCFP-Ontario\",\"isPartOf\":{\"@id\":\"https:\\\/\\\/cupe.on.ca\\\/fr\\\/#website\"},\"datePublished\":\"2024-06-21T17:03:43+00:00\",\"dateModified\":\"2024-06-21T20:43:51+00:00\",\"author\":{\"@id\":\"https:\\\/\\\/cupe.on.ca\\\/fr\\\/#\\\/schema\\\/person\\\/941ebc85fcf3edd16e60db7b4d9a4c80\"},\"breadcrumb\":{\"@id\":\"https:\\\/\\\/cupe.on.ca\\\/fr\\\/travailleurs-du-centre-technologique-de-la-bibliotheque-publique-de-fort-frances-votent-pour-se-joindre-au-scfp\\\/#breadcrumb\"},\"inLanguage\":\"fr-FR\",\"potentialAction\":[{\"@type\":\"ReadAction\",\"target\":[\"https:\\\/\\\/cupe.on.ca\\\/fr\\\/travailleurs-du-centre-technologique-de-la-bibliotheque-publique-de-fort-frances-votent-pour-se-joindre-au-scfp\\\/\"]}]},{\"@type\":\"BreadcrumbList\",\"@id\":\"https:\\\/\\\/cupe.on.ca\\\/fr\\\/travailleurs-du-centre-technologique-de-la-bibliotheque-publique-de-fort-frances-votent-pour-se-joindre-au-scfp\\\/#breadcrumb\",\"itemListElement\":[{\"@type\":\"ListItem\",\"position\":1,\"name\":\"Home\",\"item\":\"https:\\\/\\\/cupe.on.ca\\\/fr\\\/\"},{\"@type\":\"ListItem\",\"position\":2,\"name\":\"Travailleurs du centre technologique de la biblioth\u00e8que publique de Fort Frances votent pour se joindre au SCFP\"}]},{\"@type\":\"WebSite\",\"@id\":\"https:\\\/\\\/cupe.on.ca\\\/fr\\\/#website\",\"url\":\"https:\\\/\\\/cupe.on.ca\\\/fr\\\/\",\"name\":\"SCFP-Ontario\",\"description\":\"B\u00e2tir Un Ontario Meilleur\",\"potentialAction\":[{\"@type\":\"SearchAction\",\"target\":{\"@type\":\"EntryPoint\",\"urlTemplate\":\"https:\\\/\\\/cupe.on.ca\\\/fr\\\/?s={search_term_string}\"},\"query-input\":{\"@type\":\"PropertyValueSpecification\",\"valueRequired\":true,\"valueName\":\"search_term_string\"}}],\"inLanguage\":\"fr-FR\"},{\"@type\":\"Person\",\"@id\":\"https:\\\/\\\/cupe.on.ca\\\/fr\\\/#\\\/schema\\\/person\\\/941ebc85fcf3edd16e60db7b4d9a4c80\",\"name\":\"Maryant Perez\",\"url\":\"https:\\\/\\\/cupe.on.ca\\\/fr\\\/author\\\/mperez\\\/\"}]}<\/script>\n<!-- \/ Yoast SEO plugin. -->","yoast_head_json":{"title":"Travailleurs du centre technologique de la biblioth\u00e8que publique de Fort Frances votent pour se joindre au SCFP - SCFP-Ontario","robots":{"index":"index","follow":"follow","max-snippet":"max-snippet:-1","max-image-preview":"max-image-preview:large","max-video-preview":"max-video-preview:-1"},"canonical":"https:\/\/cupe.on.ca\/fr\/travailleurs-du-centre-technologique-de-la-bibliotheque-publique-de-fort-frances-votent-pour-se-joindre-au-scfp\/","og_locale":"fr_FR","og_type":"article","og_title":"Travailleurs du centre technologique de la biblioth\u00e8que publique de Fort Frances votent pour se joindre au SCFP - SCFP-Ontario","og_description":"Treize employ\u00e9s de biblioth\u00e8que rejoignent la section locale 65 du SCFP \u00a0FORT FRANCES, ON &#8211; Mercredi, les biblioth\u00e9caires du Centre de technologie de la Biblioth\u00e8que publique de Fort Frances ont vot\u00e9 en faveur de l&rsquo;adh\u00e9sion au SCFP. \u00ab\u00a0Nous sommes heureux\u00a0\u00bb, a d\u00e9clar\u00e9 Joelle Barron, qui travaille \u00e0 temps partiel \u00e0 la biblioth\u00e8que. \u00ab\u00a0Il y a&hellip;","og_url":"https:\/\/cupe.on.ca\/fr\/travailleurs-du-centre-technologique-de-la-bibliotheque-publique-de-fort-frances-votent-pour-se-joindre-au-scfp\/","og_site_name":"SCFP-Ontario","article_publisher":"https:\/\/facebook.com\/CUPEOntario","article_published_time":"2024-06-21T17:03:43+00:00","article_modified_time":"2024-06-21T20:43:51+00:00","og_image":[{"width":1200,"height":630,"url":"https:\/\/cupe.on.ca\/wp-content\/uploads\/2020\/09\/cupetwitter2.jpg","type":"image\/jpeg"}],"author":"Maryant Perez","twitter_card":"summary_large_image","twitter_creator":"@CUPEOntario","twitter_site":"@CUPEOntario","schema":{"@context":"https:\/\/schema.org","@graph":[{"@type":"Article","@id":"https:\/\/cupe.on.ca\/fr\/travailleurs-du-centre-technologique-de-la-bibliotheque-publique-de-fort-frances-votent-pour-se-joindre-au-scfp\/#article","isPartOf":{"@id":"https:\/\/cupe.on.ca\/fr\/travailleurs-du-centre-technologique-de-la-bibliotheque-publique-de-fort-frances-votent-pour-se-joindre-au-scfp\/"},"author":{"name":"Maryant Perez","@id":"https:\/\/cupe.on.ca\/fr\/#\/schema\/person\/941ebc85fcf3edd16e60db7b4d9a4c80"},"headline":"Travailleurs du centre technologique de la biblioth\u00e8que publique de Fort Frances votent pour se joindre au SCFP","datePublished":"2024-06-21T17:03:43+00:00","dateModified":"2024-06-21T20:43:51+00:00","mainEntityOfPage":{"@id":"https:\/\/cupe.on.ca\/fr\/travailleurs-du-centre-technologique-de-la-bibliotheque-publique-de-fort-frances-votent-pour-se-joindre-au-scfp\/"},"wordCount":246,"articleSection":["La solidarit\u00e9"],"inLanguage":"fr-FR"},{"@type":"WebPage","@id":"https:\/\/cupe.on.ca\/fr\/travailleurs-du-centre-technologique-de-la-bibliotheque-publique-de-fort-frances-votent-pour-se-joindre-au-scfp\/","url":"https:\/\/cupe.on.ca\/fr\/travailleurs-du-centre-technologique-de-la-bibliotheque-publique-de-fort-frances-votent-pour-se-joindre-au-scfp\/","name":"Travailleurs du centre technologique de la biblioth\u00e8que publique de Fort Frances votent pour se joindre au SCFP - SCFP-Ontario","isPartOf":{"@id":"https:\/\/cupe.on.ca\/fr\/#website"},"datePublished":"2024-06-21T17:03:43+00:00","dateModified":"2024-06-21T20:43:51+00:00","author":{"@id":"https:\/\/cupe.on.ca\/fr\/#\/schema\/person\/941ebc85fcf3edd16e60db7b4d9a4c80"},"breadcrumb":{"@id":"https:\/\/cupe.on.ca\/fr\/travailleurs-du-centre-technologique-de-la-bibliotheque-publique-de-fort-frances-votent-pour-se-joindre-au-scfp\/#breadcrumb"},"inLanguage":"fr-FR","potentialAction":[{"@type":"ReadAction","target":["https:\/\/cupe.on.ca\/fr\/travailleurs-du-centre-technologique-de-la-bibliotheque-publique-de-fort-frances-votent-pour-se-joindre-au-scfp\/"]}]},{"@type":"BreadcrumbList","@id":"https:\/\/cupe.on.ca\/fr\/travailleurs-du-centre-technologique-de-la-bibliotheque-publique-de-fort-frances-votent-pour-se-joindre-au-scfp\/#breadcrumb","itemListElement":[{"@type":"ListItem","position":1,"name":"Home","item":"https:\/\/cupe.on.ca\/fr\/"},{"@type":"ListItem","position":2,"name":"Travailleurs du centre technologique de la biblioth\u00e8que publique de Fort Frances votent pour se joindre au SCFP"}]},{"@type":"WebSite","@id":"https:\/\/cupe.on.ca\/fr\/#website","url":"https:\/\/cupe.on.ca\/fr\/","name":"SCFP-Ontario","description":"B\u00e2tir Un Ontario Meilleur","potentialAction":[{"@type":"SearchAction","target":{"@type":"EntryPoint","urlTemplate":"https:\/\/cupe.on.ca\/fr\/?s={search_term_string}"},"query-input":{"@type":"PropertyValueSpecification","valueRequired":true,"valueName":"search_term_string"}}],"inLanguage":"fr-FR"},{"@type":"Person","@id":"https:\/\/cupe.on.ca\/fr\/#\/schema\/person\/941ebc85fcf3edd16e60db7b4d9a4c80","name":"Maryant Perez","url":"https:\/\/cupe.on.ca\/fr\/author\/mperez\/"}]}},"_links":{"self":[{"href":"https:\/\/cupe.on.ca\/fr\/wp-json\/wp\/v2\/posts\/54945","targetHints":{"allow":["GET"]}}],"collection":[{"href":"https:\/\/cupe.on.ca\/fr\/wp-json\/wp\/v2\/posts"}],"about":[{"href":"https:\/\/cupe.on.ca\/fr\/wp-json\/wp\/v2\/types\/post"}],"author":[{"embeddable":true,"href":"https:\/\/cupe.on.ca\/fr\/wp-json\/wp\/v2\/users\/24"}],"replies":[{"embeddable":true,"href":"https:\/\/cupe.on.ca\/fr\/wp-json\/wp\/v2\/comments?post=54945"}],"version-history":[{"count":0,"href":"https:\/\/cupe.on.ca\/fr\/wp-json\/wp\/v2\/posts\/54945\/revisions"}],"wp:attachment":[{"href":"https:\/\/cupe.on.ca\/fr\/wp-json\/wp\/v2\/media?parent=54945"}],"wp:term":[{"taxonomy":"category","embeddable":true,"href":"https:\/\/cupe.on.ca\/fr\/wp-json\/wp\/v2\/categories?post=54945"},{"taxonomy":"post_tag","embeddable":true,"href":"https:\/\/cupe.on.ca\/fr\/wp-json\/wp\/v2\/tags?post=54945"}],"curies":[{"name":"wp","href":"https:\/\/api.w.org\/{rel}","templated":true}]}}