





{"id":34726,"date":"2019-11-13T13:18:49","date_gmt":"2019-11-13T18:18:49","guid":{"rendered":"https:\/\/cupe.on.ca\/media-advisory-president-of-cupe-ontario-fred-hahn-will-address-communities-not-cuts-rally-at-doug-fords-constituency-office-in-etobicoke\/"},"modified":"2019-11-15T10:06:46","modified_gmt":"2019-11-15T15:06:46","slug":"avis-aux-medias-fred-hahn-president-du-scfp-ontario-prendra-la-parole-dans-le-cadre-de-la-campagne-les-communautes-et-non-pas-les-coupures-au-bureau-de-doug-ford-a-etobicoke","status":"publish","type":"post","link":"https:\/\/cupe.on.ca\/fr\/avis-aux-medias-fred-hahn-president-du-scfp-ontario-prendra-la-parole-dans-le-cadre-de-la-campagne-les-communautes-et-non-pas-les-coupures-au-bureau-de-doug-ford-a-etobicoke\/","title":{"rendered":"Avis aux m\u00e9dias : Fred Hahn, pr\u00e9sident du SCFP-Ontario, prendra la parole dans le cadre de la campagne Les communaut\u00e9s et non pas les coupures au bureau de Doug Ford \u00e0 Etobicoke"},"content":{"rendered":"<div class=\"wpb-content-wrapper\" id=\"wpb-content-root\"><p>[vc_row][vc_column][vc_raw_html]JTNDZGl2JTIwY2xhc3MlM0QlMjJmYi1saWtlJTIyJTIwZGF0YS1ocmVmJTNEJTIyaHR0cHMlM0ElMkYlMkZmYWNlYm9vay5jb20lMkZjdXBlb250YXJpbyUyMiUyMGRhdGEtbGF5b3V0JTNEJTIyc3RhbmRhcmQlMjIlMjBkYXRhLWFjdGlvbiUzRCUyMmxpa2UlMjIlMjBkYXRhLXNpemUlM0QlMjJsYXJnZSUyMiUyMGRhdGEtc2hvdy1mYWNlcyUzRCUyMnRydWUlMjIlMjBkYXRhLXNoYXJlJTNEJTIyZmFsc2UlMjIlM0UlM0MlMkZkaXYlM0U=[\/vc_raw_html]<div class=\"ult-spacer spacer-6a9dbf6064489\" data-id=\"6a9dbf6064489\" data-height=\"10\" data-height-mobile=\"10\" data-height-tab=\"10\" data-height-tab-portrait=\"\" data-height-mobile-landscape=\"\" style=\"clear:both;display:block;\"><\/div><div class=\"ult-spacer spacer-6a9dbf60644c0\" data-id=\"6a9dbf60644c0\" data-height=\"10\" data-height-mobile=\"10\" data-height-tab=\"10\" data-height-tab-portrait=\"\" data-height-mobile-landscape=\"\" style=\"clear:both;display:block;\"><\/div>[vc_column_text]Toronto (ONTARIO) \u2013 Fred Hahn, pr\u00e9sident du SCFP-Ontario, se joindra \u00e0 la section locale 2977 du SCFP, au Comit\u00e9 de la sant\u00e9 et de la s\u00e9curit\u00e9 et au Comit\u00e9 de d\u00e9fense des travailleurs bless\u00e9s du SCFP, ainsi qu\u2019aux membres de la collectivit\u00e9 au bureau de comt\u00e9 de Doug Ford. Cet \u00e9v\u00e9nement fait partie des rassemblements et \u00e9v\u00e9nements organis\u00e9s dans le cadre de la campagne Les communaut\u00e9s et non pas les coupures qui se d\u00e9roulent aux quatre coins de la province cette semaine.<\/p>\n<p>QUI : Fred Hahn, pr\u00e9sident du SCFP-Ontario<br \/>\nComit\u00e9 de la sant\u00e9 et de la s\u00e9curit\u00e9 et Comit\u00e9 de d\u00e9fense des travailleurs bless\u00e9s du SCFP<\/p>\n<p>QUAND : le jeudi 14 novembre 2019<\/p>\n<p>HEURE : 12 h 00<\/p>\n<p>QUOI : Rassemblement et discours<\/p>\n<p>O\u00d9 : Bureau de comt\u00e9 de Doug Ford<br \/>\n823, chemin Albion, Etobicoke (Ontario)<\/p>\n<p>-30-<\/p>\n<p>Pour obtenir des renseignements suppl\u00e9mentaires, veuillez communiquer avec :<br \/>\nMarla DiCandia, Service des communications du SCFP, au 416 523-3124<\/p>\n<p>kw\/sepb491[\/vc_column_text]<div class=\"ult-spacer spacer-6a9dbf60644de\" data-id=\"6a9dbf60644de\" data-height=\"32\" data-height-mobile=\"32\" data-height-tab=\"32\" data-height-tab-portrait=\"\" data-height-mobile-landscape=\"\" style=\"clear:both;display:block;\"><\/div>[vc_column_text]<\/p>\n<h3>Inscrivez-vous pour recevoir des nouvelles du SCFP-Ontario.<\/h3>\n<p>[\/vc_column_text]<div class=\"ult-spacer spacer-6a9dbf60644f7\" data-id=\"6a9dbf60644f7\" data-height=\"32\" data-height-mobile=\"32\" data-height-tab=\"32\" data-height-tab-portrait=\"\" data-height-mobile-landscape=\"\" style=\"clear:both;display:block;\"><\/div>\n<div class=\"wpcf7 no-js\" id=\"wpcf7-f30764-o1\" lang=\"en-CA\" dir=\"ltr\" data-wpcf7-id=\"30764\">\n<div class=\"screen-reader-response\"><p role=\"status\" aria-live=\"polite\" aria-atomic=\"true\"><\/p> <ul><\/ul><\/div>\n<form action=\"\/fr\/wp-json\/wp\/v2\/posts\/34726#wpcf7-f30764-o1\" method=\"post\" class=\"wpcf7-form init\" aria-label=\"Contact form\" novalidate=\"novalidate\" data-status=\"init\">\n<fieldset class=\"hidden-fields-container\"><input type=\"hidden\" name=\"_wpcf7\" value=\"30764\" \/><input type=\"hidden\" name=\"_wpcf7_version\" value=\"6.1.7\" \/><input type=\"hidden\" name=\"_wpcf7_locale\" value=\"en_CA\" \/><input type=\"hidden\" name=\"_wpcf7_unit_tag\" value=\"wpcf7-f30764-o1\" \/><input type=\"hidden\" name=\"_wpcf7_container_post\" value=\"0\" \/><input type=\"hidden\" name=\"_wpcf7_posted_data_hash\" value=\"\" \/><input type=\"hidden\" name=\"_wpcf7dtx_version\" value=\"5.0.7\" \/>\n<\/fieldset>\n<p>Votre nom au complet (champ obligatoire)<br \/>\n    <span class=\"wpcf7-form-control-wrap\" data-name=\"your-name\"><input size=\"40\" maxlength=\"400\" class=\"wpcf7-form-control wpcf7-text wpcf7-validates-as-required\" aria-required=\"true\" aria-invalid=\"false\" value=\"\" type=\"text\" name=\"your-name\" \/><\/span> <\/p>\n\n<p>Votre courriel (champ obligatoire)<br \/>\n    <span class=\"wpcf7-form-control-wrap\" data-name=\"your-email\"><input size=\"40\" maxlength=\"400\" class=\"wpcf7-form-control wpcf7-email wpcf7-validates-as-required wpcf7-text wpcf7-validates-as-email\" aria-required=\"true\" aria-invalid=\"false\" value=\"\" type=\"email\" name=\"your-email\" \/><\/span> <\/p>\n\n<p>\u00cates-vous membre du SCFP?<br \/>\n     <span class=\"wpcf7-form-control-wrap\" data-name=\"cupe-member\"><span class=\"wpcf7-form-control wpcf7-radio\"><span class=\"wpcf7-list-item first\"><input type=\"radio\" name=\"cupe-member\" value=\"Oui\" \/><span class=\"wpcf7-list-item-label\">Oui<\/span><\/span><span class=\"wpcf7-list-item last\"><input type=\"radio\" name=\"cupe-member\" value=\"Non\" checked=\"checked\" \/><span class=\"wpcf7-list-item-label\">Non<\/span><\/span><\/span><\/span> <\/p>\n\n<p>&nbsp;<\/p>\n\n<div class=\"cf7-cf-turnstile\" style=\"margin-top: 0px; margin-bottom: -15px;\"> <div id=\"cf-turnstile-cf7-1299669287\" class=\"cf-turnstile\" data-sitekey=\"0x4AAAAAACzoOn1JWbtRg9e1\" data-theme=\"light\" data-language=\"auto\" data-size=\"normal\" data-retry=\"auto\" data-retry-interval=\"1000\" data-refresh-expired=\"auto\" data-refresh-timeout=\"auto\" data-action=\"contact-form-7\" data-callback=\"turnstileCF7Callback\" data-appearance=\"always\"><\/div> <script data-cfasync=\"false\">(window.cfturnstileQueue=window.cfturnstileQueue||[]).push(\"-cf7-1299669287\");if(window.cfturnstileRender)window.cfturnstileRender();<\/script> <br class=\"cf-turnstile-br cf-turnstile-br-cf7-1299669287\"> <style>#cf-turnstile-cf7-1299669287 { margin-left: -15px; }<\/style> <script>document.addEventListener(\"DOMContentLoaded\",function(){document.querySelectorAll('.wpcf7-form').forEach(function(e){e.addEventListener('submit',function(){if(document.getElementById('cf-turnstile-cf7-1299669287')){setTimeout(function(){turnstile.reset('#cf-turnstile-cf7-1299669287');},1000)}})})});<\/script> <\/div><br\/><input class=\"wpcf7-form-control wpcf7-submit has-spinner\" type=\"submit\" value=\"Envoyer\" \/>\n\n<span class=\"wpcf7-form-control-wrap titleentry\" data-name=\"titleentry\"><input type=\"hidden\" name=\"titleentry\" class=\"wpcf7-form-control wpcf7-hidden wpcf7dtx wpcf7dtx-hidden\" aria-invalid=\"false\" value=\"Avis aux m\u00e9dias : Fred Hahn, pr\u00e9sident du SCFP-Ontario, prendra la parole dans le cadre de la campagne Les communaut\u00e9s et non pas les coupures au bureau de Doug Ford \u00e0 Etobicoke\"><\/span><span class=\"wpcf7-form-control-wrap signup-title\" data-name=\"signup-title\"><input type=\"hidden\" name=\"signup-title\" id=\"idattrib\" class=\"wpcf7-form-control wpcf7-hidden wpcf7dtx wpcf7dtx-hidden classattrib\" aria-invalid=\"false\" value=\"SCFP Ontario\"><\/span><span class=\"wpcf7-form-control-wrap language\" data-name=\"language\"><input type=\"hidden\" name=\"language\" id=\"idattrib\" class=\"wpcf7-form-control wpcf7-hidden wpcf7dtx wpcf7dtx-hidden classattrib\" aria-invalid=\"false\" value=\"FR\"><\/span><span class=\"wpcf7-form-control-wrap image-url\" data-name=\"image-url\"><input type=\"hidden\" name=\"image-url\" id=\"idattrib\" class=\"wpcf7-form-control wpcf7-hidden wpcf7dtx wpcf7dtx-hidden classattrib\" aria-invalid=\"false\"><\/span><span class=\"wpcf7-form-control-wrap tags-to-add\" data-name=\"tags-to-add\"><input type=\"hidden\" name=\"tags-to-add\" id=\"idattrib\" class=\"wpcf7-form-control wpcf7-hidden wpcf7dtx wpcf7dtx-hidden classattrib\" aria-invalid=\"false\" value=\"General Signup FR\"><\/span><p style=\"display: none !important;\" class=\"akismet-fields-container\" data-prefix=\"_wpcf7_ak_\"><label>&#916;<textarea name=\"_wpcf7_ak_hp_textarea\" cols=\"45\" rows=\"8\" maxlength=\"100\"><\/textarea><\/label><input type=\"hidden\" id=\"ak_js_1\" name=\"_wpcf7_ak_js\" value=\"125\"\/><script>\ndocument.getElementById( \"ak_js_1\" ).setAttribute( \"value\", ( new Date() ).getTime() );\n<\/script>\n<\/p><div class=\"wpcf7-response-output\" aria-hidden=\"true\"><\/div>\n<\/form>\n<\/div>\n[\/vc_column][\/vc_row]<\/p>\n<\/div>","protected":false},"excerpt":{"rendered":"<p>[vc_row][vc_column][vc_raw_html]JTNDZGl2JTIwY2xhc3MlM0QlMjJmYi1saWtlJTIyJTIwZGF0YS1ocmVmJTNEJTIyaHR0cHMlM0ElMkYlMkZmYWNlYm9vay5jb20lMkZjdXBlb250YXJpbyUyMiUyMGRhdGEtbGF5b3V0JTNEJTIyc3RhbmRhcmQlMjIlMjBkYXRhLWFjdGlvbiUzRCUyMmxpa2UlMjIlMjBkYXRhLXNpemUlM0QlMjJsYXJnZSUyMiUyMGRhdGEtc2hvdy1mYWNlcyUzRCUyMnRydWUlMjIlMjBkYXRhLXNoYXJlJTNEJTIyZmFsc2UlMjIlM0UlM0MlMkZkaXYlM0U=[\/vc_raw_html][vc_column_text]Toronto (ONTARIO) \u2013 Fred Hahn, pr\u00e9sident du SCFP-Ontario, se joindra \u00e0 la section locale 2977 du SCFP, au Comit\u00e9 de la sant\u00e9 et de la s\u00e9curit\u00e9 et au Comit\u00e9 de d\u00e9fense des travailleurs bless\u00e9s du SCFP, ainsi qu\u2019aux membres de la collectivit\u00e9 au bureau de comt\u00e9 de Doug Ford. Cet \u00e9v\u00e9nement fait partie des rassemblements&hellip;<\/p>\n","protected":false},"author":5,"featured_media":0,"comment_status":"closed","ping_status":"open","sticky":false,"template":"","format":"standard","meta":{"_acf_changed":false,"footnotes":""},"categories":[324,247,200],"tags":[],"class_list":["post-34726","post","type-post","status-publish","format-standard","hentry","category-communities-not-cuts-fr","category-la-solidarite","category-solidarite-internationale","category-324","category-247","category-200","description-off"],"acf":[],"yoast_head":"<!-- This site is optimized with the Yoast SEO plugin v28.3 - https:\/\/yoast.com\/product\/yoast-seo-wordpress\/ -->\n<title>Avis aux m\u00e9dias : Fred Hahn, pr\u00e9sident du SCFP-Ontario, prendra la parole dans le cadre de la campagne Les communaut\u00e9s et non pas les coupures au bureau de Doug Ford \u00e0 Etobicoke - SCFP-Ontario<\/title>\n<meta name=\"robots\" content=\"index, follow, max-snippet:-1, max-image-preview:large, max-video-preview:-1\" \/>\n<link rel=\"canonical\" href=\"https:\/\/cupe.on.ca\/fr\/avis-aux-medias-fred-hahn-president-du-scfp-ontario-prendra-la-parole-dans-le-cadre-de-la-campagne-les-communautes-et-non-pas-les-coupures-au-bureau-de-doug-ford-a-etobicoke\/\" \/>\n<meta property=\"og:locale\" content=\"fr_FR\" \/>\n<meta property=\"og:type\" content=\"article\" \/>\n<meta property=\"og:title\" content=\"Avis aux m\u00e9dias : Fred Hahn, pr\u00e9sident du SCFP-Ontario, prendra la parole dans le cadre de la campagne Les communaut\u00e9s et non pas les coupures au bureau de Doug Ford \u00e0 Etobicoke - SCFP-Ontario\" \/>\n<meta property=\"og:description\" content=\"[vc_row][vc_column][vc_raw_html]JTNDZGl2JTIwY2xhc3MlM0QlMjJmYi1saWtlJTIyJTIwZGF0YS1ocmVmJTNEJTIyaHR0cHMlM0ElMkYlMkZmYWNlYm9vay5jb20lMkZjdXBlb250YXJpbyUyMiUyMGRhdGEtbGF5b3V0JTNEJTIyc3RhbmRhcmQlMjIlMjBkYXRhLWFjdGlvbiUzRCUyMmxpa2UlMjIlMjBkYXRhLXNpemUlM0QlMjJsYXJnZSUyMiUyMGRhdGEtc2hvdy1mYWNlcyUzRCUyMnRydWUlMjIlMjBkYXRhLXNoYXJlJTNEJTIyZmFsc2UlMjIlM0UlM0MlMkZkaXYlM0U=[\/vc_raw_html][vc_column_text]Toronto (ONTARIO) \u2013 Fred Hahn, pr\u00e9sident du SCFP-Ontario, se joindra \u00e0 la section locale 2977 du SCFP, au Comit\u00e9 de la sant\u00e9 et de la s\u00e9curit\u00e9 et au Comit\u00e9 de d\u00e9fense des travailleurs bless\u00e9s du SCFP, ainsi qu\u2019aux membres de la collectivit\u00e9 au bureau de comt\u00e9 de Doug Ford. Cet \u00e9v\u00e9nement fait partie des rassemblements&hellip;\" \/>\n<meta property=\"og:url\" content=\"https:\/\/cupe.on.ca\/fr\/avis-aux-medias-fred-hahn-president-du-scfp-ontario-prendra-la-parole-dans-le-cadre-de-la-campagne-les-communautes-et-non-pas-les-coupures-au-bureau-de-doug-ford-a-etobicoke\/\" \/>\n<meta property=\"og:site_name\" content=\"SCFP-Ontario\" \/>\n<meta property=\"article:publisher\" content=\"https:\/\/facebook.com\/CUPEOntario\" \/>\n<meta property=\"article:published_time\" content=\"2019-11-13T18:18:49+00:00\" \/>\n<meta property=\"article:modified_time\" content=\"2019-11-15T15:06:46+00:00\" \/>\n<meta property=\"og:image\" content=\"https:\/\/cupe.on.ca\/wp-content\/uploads\/2020\/09\/cupetwitter2.jpg\" \/>\n\t<meta property=\"og:image:width\" content=\"1200\" \/>\n\t<meta property=\"og:image:height\" content=\"630\" \/>\n\t<meta property=\"og:image:type\" content=\"image\/jpeg\" \/>\n<meta name=\"author\" content=\"Jessica Gale\" \/>\n<meta name=\"twitter:card\" content=\"summary_large_image\" \/>\n<meta name=\"twitter:creator\" content=\"@CUPEOntario\" \/>\n<meta name=\"twitter:site\" content=\"@CUPEOntario\" \/>\n<script type=\"application\/ld+json\" class=\"yoast-schema-graph\">{\"@context\":\"https:\\\/\\\/schema.org\",\"@graph\":[{\"@type\":\"Article\",\"@id\":\"https:\\\/\\\/cupe.on.ca\\\/fr\\\/avis-aux-medias-fred-hahn-president-du-scfp-ontario-prendra-la-parole-dans-le-cadre-de-la-campagne-les-communautes-et-non-pas-les-coupures-au-bureau-de-doug-ford-a-etobicoke\\\/#article\",\"isPartOf\":{\"@id\":\"https:\\\/\\\/cupe.on.ca\\\/fr\\\/avis-aux-medias-fred-hahn-president-du-scfp-ontario-prendra-la-parole-dans-le-cadre-de-la-campagne-les-communautes-et-non-pas-les-coupures-au-bureau-de-doug-ford-a-etobicoke\\\/\"},\"author\":{\"name\":\"Jessica Gale\",\"@id\":\"https:\\\/\\\/cupe.on.ca\\\/fr\\\/#\\\/schema\\\/person\\\/1ea3704a2eb766eca9b04bfa42217228\"},\"headline\":\"Avis aux m\u00e9dias : Fred Hahn, pr\u00e9sident du SCFP-Ontario, prendra la parole dans le cadre de la campagne Les communaut\u00e9s et non pas les coupures au bureau de Doug Ford \u00e0 Etobicoke\",\"datePublished\":\"2019-11-13T18:18:49+00:00\",\"dateModified\":\"2019-11-15T15:06:46+00:00\",\"mainEntityOfPage\":{\"@id\":\"https:\\\/\\\/cupe.on.ca\\\/fr\\\/avis-aux-medias-fred-hahn-president-du-scfp-ontario-prendra-la-parole-dans-le-cadre-de-la-campagne-les-communautes-et-non-pas-les-coupures-au-bureau-de-doug-ford-a-etobicoke\\\/\"},\"wordCount\":265,\"articleSection\":[\"Communities Not Cuts\",\"La solidarit\u00e9\",\"Solidarit\u00e9 internationale\"],\"inLanguage\":\"fr-FR\"},{\"@type\":\"WebPage\",\"@id\":\"https:\\\/\\\/cupe.on.ca\\\/fr\\\/avis-aux-medias-fred-hahn-president-du-scfp-ontario-prendra-la-parole-dans-le-cadre-de-la-campagne-les-communautes-et-non-pas-les-coupures-au-bureau-de-doug-ford-a-etobicoke\\\/\",\"url\":\"https:\\\/\\\/cupe.on.ca\\\/fr\\\/avis-aux-medias-fred-hahn-president-du-scfp-ontario-prendra-la-parole-dans-le-cadre-de-la-campagne-les-communautes-et-non-pas-les-coupures-au-bureau-de-doug-ford-a-etobicoke\\\/\",\"name\":\"Avis aux m\u00e9dias : Fred Hahn, pr\u00e9sident du SCFP-Ontario, prendra la parole dans le cadre de la campagne Les communaut\u00e9s et non pas les coupures au bureau de Doug Ford \u00e0 Etobicoke - SCFP-Ontario\",\"isPartOf\":{\"@id\":\"https:\\\/\\\/cupe.on.ca\\\/fr\\\/#website\"},\"datePublished\":\"2019-11-13T18:18:49+00:00\",\"dateModified\":\"2019-11-15T15:06:46+00:00\",\"author\":{\"@id\":\"https:\\\/\\\/cupe.on.ca\\\/fr\\\/#\\\/schema\\\/person\\\/1ea3704a2eb766eca9b04bfa42217228\"},\"breadcrumb\":{\"@id\":\"https:\\\/\\\/cupe.on.ca\\\/fr\\\/avis-aux-medias-fred-hahn-president-du-scfp-ontario-prendra-la-parole-dans-le-cadre-de-la-campagne-les-communautes-et-non-pas-les-coupures-au-bureau-de-doug-ford-a-etobicoke\\\/#breadcrumb\"},\"inLanguage\":\"fr-FR\",\"potentialAction\":[{\"@type\":\"ReadAction\",\"target\":[\"https:\\\/\\\/cupe.on.ca\\\/fr\\\/avis-aux-medias-fred-hahn-president-du-scfp-ontario-prendra-la-parole-dans-le-cadre-de-la-campagne-les-communautes-et-non-pas-les-coupures-au-bureau-de-doug-ford-a-etobicoke\\\/\"]}]},{\"@type\":\"BreadcrumbList\",\"@id\":\"https:\\\/\\\/cupe.on.ca\\\/fr\\\/avis-aux-medias-fred-hahn-president-du-scfp-ontario-prendra-la-parole-dans-le-cadre-de-la-campagne-les-communautes-et-non-pas-les-coupures-au-bureau-de-doug-ford-a-etobicoke\\\/#breadcrumb\",\"itemListElement\":[{\"@type\":\"ListItem\",\"position\":1,\"name\":\"Home\",\"item\":\"https:\\\/\\\/cupe.on.ca\\\/fr\\\/\"},{\"@type\":\"ListItem\",\"position\":2,\"name\":\"Avis aux m\u00e9dias : Fred Hahn, pr\u00e9sident du SCFP-Ontario, prendra la parole dans le cadre de la campagne Les communaut\u00e9s et non pas les coupures au bureau de Doug Ford \u00e0 Etobicoke\"}]},{\"@type\":\"WebSite\",\"@id\":\"https:\\\/\\\/cupe.on.ca\\\/fr\\\/#website\",\"url\":\"https:\\\/\\\/cupe.on.ca\\\/fr\\\/\",\"name\":\"SCFP-Ontario\",\"description\":\"B\u00e2tir Un Ontario Meilleur\",\"potentialAction\":[{\"@type\":\"SearchAction\",\"target\":{\"@type\":\"EntryPoint\",\"urlTemplate\":\"https:\\\/\\\/cupe.on.ca\\\/fr\\\/?s={search_term_string}\"},\"query-input\":{\"@type\":\"PropertyValueSpecification\",\"valueRequired\":true,\"valueName\":\"search_term_string\"}}],\"inLanguage\":\"fr-FR\"},{\"@type\":\"Person\",\"@id\":\"https:\\\/\\\/cupe.on.ca\\\/fr\\\/#\\\/schema\\\/person\\\/1ea3704a2eb766eca9b04bfa42217228\",\"name\":\"Jessica Gale\",\"url\":\"https:\\\/\\\/cupe.on.ca\\\/fr\\\/author\\\/jgale\\\/\"}]}<\/script>\n<!-- \/ Yoast SEO plugin. -->","yoast_head_json":{"title":"Avis aux m\u00e9dias : Fred Hahn, pr\u00e9sident du SCFP-Ontario, prendra la parole dans le cadre de la campagne Les communaut\u00e9s et non pas les coupures au bureau de Doug Ford \u00e0 Etobicoke - SCFP-Ontario","robots":{"index":"index","follow":"follow","max-snippet":"max-snippet:-1","max-image-preview":"max-image-preview:large","max-video-preview":"max-video-preview:-1"},"canonical":"https:\/\/cupe.on.ca\/fr\/avis-aux-medias-fred-hahn-president-du-scfp-ontario-prendra-la-parole-dans-le-cadre-de-la-campagne-les-communautes-et-non-pas-les-coupures-au-bureau-de-doug-ford-a-etobicoke\/","og_locale":"fr_FR","og_type":"article","og_title":"Avis aux m\u00e9dias : Fred Hahn, pr\u00e9sident du SCFP-Ontario, prendra la parole dans le cadre de la campagne Les communaut\u00e9s et non pas les coupures au bureau de Doug Ford \u00e0 Etobicoke - SCFP-Ontario","og_description":"[vc_row][vc_column][vc_raw_html]JTNDZGl2JTIwY2xhc3MlM0QlMjJmYi1saWtlJTIyJTIwZGF0YS1ocmVmJTNEJTIyaHR0cHMlM0ElMkYlMkZmYWNlYm9vay5jb20lMkZjdXBlb250YXJpbyUyMiUyMGRhdGEtbGF5b3V0JTNEJTIyc3RhbmRhcmQlMjIlMjBkYXRhLWFjdGlvbiUzRCUyMmxpa2UlMjIlMjBkYXRhLXNpemUlM0QlMjJsYXJnZSUyMiUyMGRhdGEtc2hvdy1mYWNlcyUzRCUyMnRydWUlMjIlMjBkYXRhLXNoYXJlJTNEJTIyZmFsc2UlMjIlM0UlM0MlMkZkaXYlM0U=[\/vc_raw_html][vc_column_text]Toronto (ONTARIO) \u2013 Fred Hahn, pr\u00e9sident du SCFP-Ontario, se joindra \u00e0 la section locale 2977 du SCFP, au Comit\u00e9 de la sant\u00e9 et de la s\u00e9curit\u00e9 et au Comit\u00e9 de d\u00e9fense des travailleurs bless\u00e9s du SCFP, ainsi qu\u2019aux membres de la collectivit\u00e9 au bureau de comt\u00e9 de Doug Ford. Cet \u00e9v\u00e9nement fait partie des rassemblements&hellip;","og_url":"https:\/\/cupe.on.ca\/fr\/avis-aux-medias-fred-hahn-president-du-scfp-ontario-prendra-la-parole-dans-le-cadre-de-la-campagne-les-communautes-et-non-pas-les-coupures-au-bureau-de-doug-ford-a-etobicoke\/","og_site_name":"SCFP-Ontario","article_publisher":"https:\/\/facebook.com\/CUPEOntario","article_published_time":"2019-11-13T18:18:49+00:00","article_modified_time":"2019-11-15T15:06:46+00:00","og_image":[{"width":1200,"height":630,"url":"https:\/\/cupe.on.ca\/wp-content\/uploads\/2020\/09\/cupetwitter2.jpg","type":"image\/jpeg"}],"author":"Jessica Gale","twitter_card":"summary_large_image","twitter_creator":"@CUPEOntario","twitter_site":"@CUPEOntario","schema":{"@context":"https:\/\/schema.org","@graph":[{"@type":"Article","@id":"https:\/\/cupe.on.ca\/fr\/avis-aux-medias-fred-hahn-president-du-scfp-ontario-prendra-la-parole-dans-le-cadre-de-la-campagne-les-communautes-et-non-pas-les-coupures-au-bureau-de-doug-ford-a-etobicoke\/#article","isPartOf":{"@id":"https:\/\/cupe.on.ca\/fr\/avis-aux-medias-fred-hahn-president-du-scfp-ontario-prendra-la-parole-dans-le-cadre-de-la-campagne-les-communautes-et-non-pas-les-coupures-au-bureau-de-doug-ford-a-etobicoke\/"},"author":{"name":"Jessica Gale","@id":"https:\/\/cupe.on.ca\/fr\/#\/schema\/person\/1ea3704a2eb766eca9b04bfa42217228"},"headline":"Avis aux m\u00e9dias : Fred Hahn, pr\u00e9sident du SCFP-Ontario, prendra la parole dans le cadre de la campagne Les communaut\u00e9s et non pas les coupures au bureau de Doug Ford \u00e0 Etobicoke","datePublished":"2019-11-13T18:18:49+00:00","dateModified":"2019-11-15T15:06:46+00:00","mainEntityOfPage":{"@id":"https:\/\/cupe.on.ca\/fr\/avis-aux-medias-fred-hahn-president-du-scfp-ontario-prendra-la-parole-dans-le-cadre-de-la-campagne-les-communautes-et-non-pas-les-coupures-au-bureau-de-doug-ford-a-etobicoke\/"},"wordCount":265,"articleSection":["Communities Not Cuts","La solidarit\u00e9","Solidarit\u00e9 internationale"],"inLanguage":"fr-FR"},{"@type":"WebPage","@id":"https:\/\/cupe.on.ca\/fr\/avis-aux-medias-fred-hahn-president-du-scfp-ontario-prendra-la-parole-dans-le-cadre-de-la-campagne-les-communautes-et-non-pas-les-coupures-au-bureau-de-doug-ford-a-etobicoke\/","url":"https:\/\/cupe.on.ca\/fr\/avis-aux-medias-fred-hahn-president-du-scfp-ontario-prendra-la-parole-dans-le-cadre-de-la-campagne-les-communautes-et-non-pas-les-coupures-au-bureau-de-doug-ford-a-etobicoke\/","name":"Avis aux m\u00e9dias : Fred Hahn, pr\u00e9sident du SCFP-Ontario, prendra la parole dans le cadre de la campagne Les communaut\u00e9s et non pas les coupures au bureau de Doug Ford \u00e0 Etobicoke - SCFP-Ontario","isPartOf":{"@id":"https:\/\/cupe.on.ca\/fr\/#website"},"datePublished":"2019-11-13T18:18:49+00:00","dateModified":"2019-11-15T15:06:46+00:00","author":{"@id":"https:\/\/cupe.on.ca\/fr\/#\/schema\/person\/1ea3704a2eb766eca9b04bfa42217228"},"breadcrumb":{"@id":"https:\/\/cupe.on.ca\/fr\/avis-aux-medias-fred-hahn-president-du-scfp-ontario-prendra-la-parole-dans-le-cadre-de-la-campagne-les-communautes-et-non-pas-les-coupures-au-bureau-de-doug-ford-a-etobicoke\/#breadcrumb"},"inLanguage":"fr-FR","potentialAction":[{"@type":"ReadAction","target":["https:\/\/cupe.on.ca\/fr\/avis-aux-medias-fred-hahn-president-du-scfp-ontario-prendra-la-parole-dans-le-cadre-de-la-campagne-les-communautes-et-non-pas-les-coupures-au-bureau-de-doug-ford-a-etobicoke\/"]}]},{"@type":"BreadcrumbList","@id":"https:\/\/cupe.on.ca\/fr\/avis-aux-medias-fred-hahn-president-du-scfp-ontario-prendra-la-parole-dans-le-cadre-de-la-campagne-les-communautes-et-non-pas-les-coupures-au-bureau-de-doug-ford-a-etobicoke\/#breadcrumb","itemListElement":[{"@type":"ListItem","position":1,"name":"Home","item":"https:\/\/cupe.on.ca\/fr\/"},{"@type":"ListItem","position":2,"name":"Avis aux m\u00e9dias : Fred Hahn, pr\u00e9sident du SCFP-Ontario, prendra la parole dans le cadre de la campagne Les communaut\u00e9s et non pas les coupures au bureau de Doug Ford \u00e0 Etobicoke"}]},{"@type":"WebSite","@id":"https:\/\/cupe.on.ca\/fr\/#website","url":"https:\/\/cupe.on.ca\/fr\/","name":"SCFP-Ontario","description":"B\u00e2tir Un Ontario Meilleur","potentialAction":[{"@type":"SearchAction","target":{"@type":"EntryPoint","urlTemplate":"https:\/\/cupe.on.ca\/fr\/?s={search_term_string}"},"query-input":{"@type":"PropertyValueSpecification","valueRequired":true,"valueName":"search_term_string"}}],"inLanguage":"fr-FR"},{"@type":"Person","@id":"https:\/\/cupe.on.ca\/fr\/#\/schema\/person\/1ea3704a2eb766eca9b04bfa42217228","name":"Jessica Gale","url":"https:\/\/cupe.on.ca\/fr\/author\/jgale\/"}]}},"_links":{"self":[{"href":"https:\/\/cupe.on.ca\/fr\/wp-json\/wp\/v2\/posts\/34726","targetHints":{"allow":["GET"]}}],"collection":[{"href":"https:\/\/cupe.on.ca\/fr\/wp-json\/wp\/v2\/posts"}],"about":[{"href":"https:\/\/cupe.on.ca\/fr\/wp-json\/wp\/v2\/types\/post"}],"author":[{"embeddable":true,"href":"https:\/\/cupe.on.ca\/fr\/wp-json\/wp\/v2\/users\/5"}],"replies":[{"embeddable":true,"href":"https:\/\/cupe.on.ca\/fr\/wp-json\/wp\/v2\/comments?post=34726"}],"version-history":[{"count":0,"href":"https:\/\/cupe.on.ca\/fr\/wp-json\/wp\/v2\/posts\/34726\/revisions"}],"wp:attachment":[{"href":"https:\/\/cupe.on.ca\/fr\/wp-json\/wp\/v2\/media?parent=34726"}],"wp:term":[{"taxonomy":"category","embeddable":true,"href":"https:\/\/cupe.on.ca\/fr\/wp-json\/wp\/v2\/categories?post=34726"},{"taxonomy":"post_tag","embeddable":true,"href":"https:\/\/cupe.on.ca\/fr\/wp-json\/wp\/v2\/tags?post=34726"}],"curies":[{"name":"wp","href":"https:\/\/api.w.org\/{rel}","templated":true}]}}