





{"id":34531,"date":"2019-10-24T13:43:24","date_gmt":"2019-10-24T17:43:24","guid":{"rendered":"https:\/\/cupe.on.ca\/ccwad\/"},"modified":"2019-10-29T13:21:19","modified_gmt":"2019-10-29T17:21:19","slug":"24-octobre-2019-journee-dappreciation-des-educatrices-et-educateurs-des-services-dapprentissage-et-de-garde-des-jeunes-enfants-champions-des-enfants","status":"publish","type":"post","link":"https:\/\/cupe.on.ca\/fr\/24-octobre-2019-journee-dappreciation-des-educatrices-et-educateurs-des-services-dapprentissage-et-de-garde-des-jeunes-enfants-champions-des-enfants\/","title":{"rendered":"24 octobre 2019, Journ\u00e9e d\u2019appr\u00e9ciation des \u00e9ducatrices et \u00e9ducateurs des services d\u2019apprentissage et de garde des jeunes enfants\u2014\u00ab Champions des enfants \u00bb"},"content":{"rendered":"<div class=\"wpb-content-wrapper\" id=\"wpb-content-root\"><p>[vc_row][vc_column][vc_raw_html]JTNDZGl2JTIwY2xhc3MlM0QlMjJmYi1saWtlJTIyJTIwZGF0YS1ocmVmJTNEJTIyaHR0cHMlM0ElMkYlMkZmYWNlYm9vay5jb20lMkZjdXBlb250YXJpbyUyMiUyMGRhdGEtbGF5b3V0JTNEJTIyc3RhbmRhcmQlMjIlMjBkYXRhLWFjdGlvbiUzRCUyMmxpa2UlMjIlMjBkYXRhLXNpemUlM0QlMjJsYXJnZSUyMiUyMGRhdGEtc2hvdy1mYWNlcyUzRCUyMnRydWUlMjIlMjBkYXRhLXNoYXJlJTNEJTIyZmFsc2UlMjIlM0UlM0MlMkZkaXYlM0U=[\/vc_raw_html]<div class=\"ult-spacer spacer-6a9c473075909\" data-id=\"6a9c473075909\" data-height=\"10\" data-height-mobile=\"10\" data-height-tab=\"10\" data-height-tab-portrait=\"\" data-height-mobile-landscape=\"\" style=\"clear:both;display:block;\"><\/div><div class=\"ult-spacer spacer-6a9c47307593c\" data-id=\"6a9c47307593c\" data-height=\"10\" data-height-mobile=\"10\" data-height-tab=\"10\" data-height-tab-portrait=\"\" data-height-mobile-landscape=\"\" style=\"clear:both;display:block;\"><\/div>[vc_column_text]Le 24 octobre 2019 est la 19e Journ\u00e9e annuelle d\u2019appr\u00e9ciation des \u00e9ducatrices et \u00e9ducateurs des services d\u2019apprentissage et de garde des jeunes enfants. Cette ann\u00e9e, le th\u00e8me est \u00ab Champions des enfants \u00bb.<\/p>\n<p>Aujourd\u2019hui, nous reconnaissons et nous remercions les \u00e9ducatrices et \u00e9ducateurs des services d\u2019apprentissage et de garde des jeunes enfants d\u00e9vou\u00e9s et assidus qui prennent soin de nos enfants aux quatre coins de l\u2019Ontario. Ce sont de r\u00e9els champions des enfants.<\/p>\n<p>Le d\u00e9vouement sans limite des prestataires qui prennent soin des enfants des parents qui travaillent et l\u2019importance des soins qu\u2019ils donnent aux enfants aux quatre coins de cette province doivent \u00eatre appr\u00e9ci\u00e9s et applaudis. Cependant, les travailleurs en garderie ne peuvent pas faire ce travail et prendre soin de nos enfants si nous ne leur offrons pas la s\u00e9curit\u00e9 d\u2019emploi, si nous ne leur offrons pas de meilleures conditions de travail, si nous ne leur offrons pas de meilleurs salaires et si nous ne leur offrons pas le soutien n\u00e9cessaire dont ils ont besoin pour bien faire leur travail.<\/p>\n<p>Avec les conservateurs de Doug Ford, les emplois des travailleurs en garderie et les soins qu\u2019ils offrent aux familles sont menac\u00e9s. Nous devons prot\u00e9ger les \u00e9ducateurs de la petite enfance et nous devons \u00eatre unis dans notre engagement \u00e0 emp\u00eacher les conservateurs de Doug Ford de couper des centaines d\u2019emplois importants d\u2019\u00e9ducateurs de la petite enfance. C\u2019est pourquoi la campagne du SCFP-Ontario Les communit\u00e9s et non pas les coupures est si importante aujourd\u2019hui. Nous devons fournir aux travailleurs et \u00e0 nos collectivit\u00e9s le soutien dont ils ont besoin afin que les travailleurs en garderie puissent continuer de faire leur travail qui est de contribuer aux vies des enfants, des familles et de nos collectivit\u00e9s et d\u2019am\u00e9liorer ces vies.<\/p>\n<p>Ils font partie de la vie quotidienne d\u2019une famille, en prenant soin de leurs enfants et en les \u00e9duquant. Il est important que nous reconnaissions l\u2019importance de nos prestataires de services de garde, pas uniquement aujourd\u2019hui, mais \u00e0 longueur d\u2019ann\u00e9e.<\/p>\n<p>Le SCFP-Ontario aimerait remercier tous les \u00e9ducateurs et \u00e9ducatrices des services d\u2019apprentissage et de garde des jeunes enfants pour leur d\u00e9vouement et leur engagement \u00e0 l\u2019\u00e9gard de nos enfants.[\/vc_column_text]<div class=\"ult-spacer spacer-6a9c47307595c\" data-id=\"6a9c47307595c\" data-height=\"32\" data-height-mobile=\"32\" data-height-tab=\"32\" data-height-tab-portrait=\"\" data-height-mobile-landscape=\"\" style=\"clear:both;display:block;\"><\/div>[vc_column_text]<\/p>\n<h3>Inscrivez-vous pour recevoir des nouvelles du SCFP-Ontario.<\/h3>\n<p>[\/vc_column_text]<div class=\"ult-spacer spacer-6a9c473075976\" data-id=\"6a9c473075976\" data-height=\"32\" data-height-mobile=\"32\" data-height-tab=\"32\" data-height-tab-portrait=\"\" data-height-mobile-landscape=\"\" style=\"clear:both;display:block;\"><\/div>\n<div class=\"wpcf7 no-js\" id=\"wpcf7-f30764-o1\" lang=\"en-CA\" dir=\"ltr\" data-wpcf7-id=\"30764\">\n<div class=\"screen-reader-response\"><p role=\"status\" aria-live=\"polite\" aria-atomic=\"true\"><\/p> <ul><\/ul><\/div>\n<form action=\"\/fr\/wp-json\/wp\/v2\/posts\/34531#wpcf7-f30764-o1\" method=\"post\" class=\"wpcf7-form init\" aria-label=\"Contact form\" novalidate=\"novalidate\" data-status=\"init\">\n<fieldset class=\"hidden-fields-container\"><input type=\"hidden\" name=\"_wpcf7\" value=\"30764\" \/><input type=\"hidden\" name=\"_wpcf7_version\" value=\"6.1.7\" \/><input type=\"hidden\" name=\"_wpcf7_locale\" value=\"en_CA\" \/><input type=\"hidden\" name=\"_wpcf7_unit_tag\" value=\"wpcf7-f30764-o1\" \/><input type=\"hidden\" name=\"_wpcf7_container_post\" value=\"0\" \/><input type=\"hidden\" name=\"_wpcf7_posted_data_hash\" value=\"\" \/><input type=\"hidden\" name=\"_wpcf7dtx_version\" value=\"5.0.7\" \/>\n<\/fieldset>\n<p>Votre nom au complet (champ obligatoire)<br \/>\n    <span class=\"wpcf7-form-control-wrap\" data-name=\"your-name\"><input size=\"40\" maxlength=\"400\" class=\"wpcf7-form-control wpcf7-text wpcf7-validates-as-required\" aria-required=\"true\" aria-invalid=\"false\" value=\"\" type=\"text\" name=\"your-name\" \/><\/span> <\/p>\n\n<p>Votre courriel (champ obligatoire)<br \/>\n    <span class=\"wpcf7-form-control-wrap\" data-name=\"your-email\"><input size=\"40\" maxlength=\"400\" class=\"wpcf7-form-control wpcf7-email wpcf7-validates-as-required wpcf7-text wpcf7-validates-as-email\" aria-required=\"true\" aria-invalid=\"false\" value=\"\" type=\"email\" name=\"your-email\" \/><\/span> <\/p>\n\n<p>\u00cates-vous membre du SCFP?<br \/>\n     <span class=\"wpcf7-form-control-wrap\" data-name=\"cupe-member\"><span class=\"wpcf7-form-control wpcf7-radio\"><span class=\"wpcf7-list-item first\"><input type=\"radio\" name=\"cupe-member\" value=\"Oui\" \/><span class=\"wpcf7-list-item-label\">Oui<\/span><\/span><span class=\"wpcf7-list-item last\"><input type=\"radio\" name=\"cupe-member\" value=\"Non\" checked=\"checked\" \/><span class=\"wpcf7-list-item-label\">Non<\/span><\/span><\/span><\/span> <\/p>\n\n<p>&nbsp;<\/p>\n\n<div class=\"cf7-cf-turnstile\" style=\"margin-top: 0px; margin-bottom: -15px;\"> <div id=\"cf-turnstile-cf7-1106123289\" class=\"cf-turnstile\" data-sitekey=\"0x4AAAAAACzoOn1JWbtRg9e1\" data-theme=\"light\" data-language=\"auto\" data-size=\"normal\" data-retry=\"auto\" data-retry-interval=\"1000\" data-refresh-expired=\"auto\" data-refresh-timeout=\"auto\" data-action=\"contact-form-7\" data-callback=\"turnstileCF7Callback\" data-appearance=\"always\"><\/div> <script data-cfasync=\"false\">(window.cfturnstileQueue=window.cfturnstileQueue||[]).push(\"-cf7-1106123289\");if(window.cfturnstileRender)window.cfturnstileRender();<\/script> <br class=\"cf-turnstile-br cf-turnstile-br-cf7-1106123289\"> <style>#cf-turnstile-cf7-1106123289 { margin-left: -15px; }<\/style> <script>document.addEventListener(\"DOMContentLoaded\",function(){document.querySelectorAll('.wpcf7-form').forEach(function(e){e.addEventListener('submit',function(){if(document.getElementById('cf-turnstile-cf7-1106123289')){setTimeout(function(){turnstile.reset('#cf-turnstile-cf7-1106123289');},1000)}})})});<\/script> <\/div><br\/><input class=\"wpcf7-form-control wpcf7-submit has-spinner\" type=\"submit\" value=\"Envoyer\" \/>\n\n<span class=\"wpcf7-form-control-wrap titleentry\" data-name=\"titleentry\"><input type=\"hidden\" name=\"titleentry\" class=\"wpcf7-form-control wpcf7-hidden wpcf7dtx wpcf7dtx-hidden\" aria-invalid=\"false\" value=\"24 octobre 2019, Journ\u00e9e d\u2019appr\u00e9ciation des \u00e9ducatrices et \u00e9ducateurs des services d\u2019apprentissage et de garde des jeunes enfants\u2014\u00ab Champions des enfants \u00bb\"><\/span><span class=\"wpcf7-form-control-wrap signup-title\" data-name=\"signup-title\"><input type=\"hidden\" name=\"signup-title\" id=\"idattrib\" class=\"wpcf7-form-control wpcf7-hidden wpcf7dtx wpcf7dtx-hidden classattrib\" aria-invalid=\"false\" value=\"SCFP Ontario\"><\/span><span class=\"wpcf7-form-control-wrap language\" data-name=\"language\"><input type=\"hidden\" name=\"language\" id=\"idattrib\" class=\"wpcf7-form-control wpcf7-hidden wpcf7dtx wpcf7dtx-hidden classattrib\" aria-invalid=\"false\" value=\"FR\"><\/span><span class=\"wpcf7-form-control-wrap image-url\" data-name=\"image-url\"><input type=\"hidden\" name=\"image-url\" id=\"idattrib\" class=\"wpcf7-form-control wpcf7-hidden wpcf7dtx wpcf7dtx-hidden classattrib\" aria-invalid=\"false\"><\/span><span class=\"wpcf7-form-control-wrap tags-to-add\" data-name=\"tags-to-add\"><input type=\"hidden\" name=\"tags-to-add\" id=\"idattrib\" class=\"wpcf7-form-control wpcf7-hidden wpcf7dtx wpcf7dtx-hidden classattrib\" aria-invalid=\"false\" value=\"General Signup FR\"><\/span><p style=\"display: none !important;\" class=\"akismet-fields-container\" data-prefix=\"_wpcf7_ak_\"><label>&#916;<textarea name=\"_wpcf7_ak_hp_textarea\" cols=\"45\" rows=\"8\" maxlength=\"100\"><\/textarea><\/label><input type=\"hidden\" id=\"ak_js_1\" name=\"_wpcf7_ak_js\" value=\"165\"\/><script>\ndocument.getElementById( \"ak_js_1\" ).setAttribute( \"value\", ( new Date() ).getTime() );\n<\/script>\n<\/p><div class=\"wpcf7-response-output\" aria-hidden=\"true\"><\/div>\n<\/form>\n<\/div>\n[\/vc_column][vc_column][\/vc_column][\/vc_row]<\/p>\n<\/div>","protected":false},"excerpt":{"rendered":"<p>[vc_row][vc_column][vc_raw_html]JTNDZGl2JTIwY2xhc3MlM0QlMjJmYi1saWtlJTIyJTIwZGF0YS1ocmVmJTNEJTIyaHR0cHMlM0ElMkYlMkZmYWNlYm9vay5jb20lMkZjdXBlb250YXJpbyUyMiUyMGRhdGEtbGF5b3V0JTNEJTIyc3RhbmRhcmQlMjIlMjBkYXRhLWFjdGlvbiUzRCUyMmxpa2UlMjIlMjBkYXRhLXNpemUlM0QlMjJsYXJnZSUyMiUyMGRhdGEtc2hvdy1mYWNlcyUzRCUyMnRydWUlMjIlMjBkYXRhLXNoYXJlJTNEJTIyZmFsc2UlMjIlM0UlM0MlMkZkaXYlM0U=[\/vc_raw_html][vc_column_text]Le 24 octobre 2019 est la 19e Journ\u00e9e annuelle d\u2019appr\u00e9ciation des \u00e9ducatrices et \u00e9ducateurs des services d\u2019apprentissage et de garde des jeunes enfants. Cette ann\u00e9e, le th\u00e8me est \u00ab Champions des enfants \u00bb. Aujourd\u2019hui, nous reconnaissons et nous remercions les \u00e9ducatrices et \u00e9ducateurs des services d\u2019apprentissage et de garde des jeunes enfants d\u00e9vou\u00e9s et assidus&hellip;<\/p>\n","protected":false},"author":12,"featured_media":0,"comment_status":"closed","ping_status":"open","sticky":false,"template":"","format":"standard","meta":{"_acf_changed":false,"footnotes":""},"categories":[247,189,200],"tags":[259,295],"class_list":["post-34531","post","type-post","status-publish","format-standard","hentry","category-la-solidarite","category-services-de-garde","category-solidarite-internationale","tag-headlines-app-fr","tag-headlines-app-header-fr","category-247","category-189","category-200","description-off"],"acf":[],"yoast_head":"<!-- This site is optimized with the Yoast SEO plugin v28.3 - https:\/\/yoast.com\/product\/yoast-seo-wordpress\/ -->\n<title>24 octobre 2019, Journ\u00e9e d\u2019appr\u00e9ciation des \u00e9ducatrices et \u00e9ducateurs des services d\u2019apprentissage et de garde des jeunes enfants\u2014\u00ab Champions des enfants \u00bb - SCFP-Ontario<\/title>\n<meta name=\"robots\" content=\"index, follow, max-snippet:-1, max-image-preview:large, max-video-preview:-1\" \/>\n<link rel=\"canonical\" href=\"https:\/\/cupe.on.ca\/fr\/24-octobre-2019-journee-dappreciation-des-educatrices-et-educateurs-des-services-dapprentissage-et-de-garde-des-jeunes-enfants-champions-des-enfants\/\" \/>\n<meta property=\"og:locale\" content=\"fr_FR\" \/>\n<meta property=\"og:type\" content=\"article\" \/>\n<meta property=\"og:title\" content=\"24 octobre 2019, Journ\u00e9e d\u2019appr\u00e9ciation des \u00e9ducatrices et \u00e9ducateurs des services d\u2019apprentissage et de garde des jeunes enfants\u2014\u00ab Champions des enfants \u00bb - SCFP-Ontario\" \/>\n<meta property=\"og:description\" content=\"[vc_row][vc_column][vc_raw_html]JTNDZGl2JTIwY2xhc3MlM0QlMjJmYi1saWtlJTIyJTIwZGF0YS1ocmVmJTNEJTIyaHR0cHMlM0ElMkYlMkZmYWNlYm9vay5jb20lMkZjdXBlb250YXJpbyUyMiUyMGRhdGEtbGF5b3V0JTNEJTIyc3RhbmRhcmQlMjIlMjBkYXRhLWFjdGlvbiUzRCUyMmxpa2UlMjIlMjBkYXRhLXNpemUlM0QlMjJsYXJnZSUyMiUyMGRhdGEtc2hvdy1mYWNlcyUzRCUyMnRydWUlMjIlMjBkYXRhLXNoYXJlJTNEJTIyZmFsc2UlMjIlM0UlM0MlMkZkaXYlM0U=[\/vc_raw_html][vc_column_text]Le 24 octobre 2019 est la 19e Journ\u00e9e annuelle d\u2019appr\u00e9ciation des \u00e9ducatrices et \u00e9ducateurs des services d\u2019apprentissage et de garde des jeunes enfants. Cette ann\u00e9e, le th\u00e8me est \u00ab Champions des enfants \u00bb. Aujourd\u2019hui, nous reconnaissons et nous remercions les \u00e9ducatrices et \u00e9ducateurs des services d\u2019apprentissage et de garde des jeunes enfants d\u00e9vou\u00e9s et assidus&hellip;\" \/>\n<meta property=\"og:url\" content=\"https:\/\/cupe.on.ca\/fr\/24-octobre-2019-journee-dappreciation-des-educatrices-et-educateurs-des-services-dapprentissage-et-de-garde-des-jeunes-enfants-champions-des-enfants\/\" \/>\n<meta property=\"og:site_name\" content=\"SCFP-Ontario\" \/>\n<meta property=\"article:publisher\" content=\"https:\/\/facebook.com\/CUPEOntario\" \/>\n<meta property=\"article:published_time\" content=\"2019-10-24T17:43:24+00:00\" \/>\n<meta property=\"article:modified_time\" content=\"2019-10-29T17:21:19+00:00\" \/>\n<meta property=\"og:image\" content=\"https:\/\/cupe.on.ca\/wp-content\/uploads\/2020\/09\/cupetwitter2.jpg\" \/>\n\t<meta property=\"og:image:width\" content=\"1200\" \/>\n\t<meta property=\"og:image:height\" content=\"630\" \/>\n\t<meta property=\"og:image:type\" content=\"image\/jpeg\" \/>\n<meta name=\"author\" content=\"Liam Bedard\" \/>\n<meta name=\"twitter:card\" content=\"summary_large_image\" \/>\n<meta name=\"twitter:creator\" content=\"@CUPEOntario\" \/>\n<meta name=\"twitter:site\" content=\"@CUPEOntario\" \/>\n<script type=\"application\/ld+json\" class=\"yoast-schema-graph\">{\"@context\":\"https:\\\/\\\/schema.org\",\"@graph\":[{\"@type\":\"Article\",\"@id\":\"https:\\\/\\\/cupe.on.ca\\\/fr\\\/24-octobre-2019-journee-dappreciation-des-educatrices-et-educateurs-des-services-dapprentissage-et-de-garde-des-jeunes-enfants-champions-des-enfants\\\/#article\",\"isPartOf\":{\"@id\":\"https:\\\/\\\/cupe.on.ca\\\/fr\\\/24-octobre-2019-journee-dappreciation-des-educatrices-et-educateurs-des-services-dapprentissage-et-de-garde-des-jeunes-enfants-champions-des-enfants\\\/\"},\"author\":{\"name\":\"Liam Bedard\",\"@id\":\"https:\\\/\\\/cupe.on.ca\\\/fr\\\/#\\\/schema\\\/person\\\/bc25f17c52f8823bd9e71e25c2438083\"},\"headline\":\"24 octobre 2019, Journ\u00e9e d\u2019appr\u00e9ciation des \u00e9ducatrices et \u00e9ducateurs des services d\u2019apprentissage et de garde des jeunes enfants\u2014\u00ab Champions des enfants \u00bb\",\"datePublished\":\"2019-10-24T17:43:24+00:00\",\"dateModified\":\"2019-10-29T17:21:19+00:00\",\"mainEntityOfPage\":{\"@id\":\"https:\\\/\\\/cupe.on.ca\\\/fr\\\/24-octobre-2019-journee-dappreciation-des-educatrices-et-educateurs-des-services-dapprentissage-et-de-garde-des-jeunes-enfants-champions-des-enfants\\\/\"},\"wordCount\":492,\"keywords\":[\"Headlines-App\",\"Headlines-App-Header\"],\"articleSection\":[\"La solidarit\u00e9\",\"Services de garde\",\"Solidarit\u00e9 internationale\"],\"inLanguage\":\"fr-FR\"},{\"@type\":\"WebPage\",\"@id\":\"https:\\\/\\\/cupe.on.ca\\\/fr\\\/24-octobre-2019-journee-dappreciation-des-educatrices-et-educateurs-des-services-dapprentissage-et-de-garde-des-jeunes-enfants-champions-des-enfants\\\/\",\"url\":\"https:\\\/\\\/cupe.on.ca\\\/fr\\\/24-octobre-2019-journee-dappreciation-des-educatrices-et-educateurs-des-services-dapprentissage-et-de-garde-des-jeunes-enfants-champions-des-enfants\\\/\",\"name\":\"24 octobre 2019, Journ\u00e9e d\u2019appr\u00e9ciation des \u00e9ducatrices et \u00e9ducateurs des services d\u2019apprentissage et de garde des jeunes enfants\u2014\u00ab Champions des enfants \u00bb - SCFP-Ontario\",\"isPartOf\":{\"@id\":\"https:\\\/\\\/cupe.on.ca\\\/fr\\\/#website\"},\"datePublished\":\"2019-10-24T17:43:24+00:00\",\"dateModified\":\"2019-10-29T17:21:19+00:00\",\"author\":{\"@id\":\"https:\\\/\\\/cupe.on.ca\\\/fr\\\/#\\\/schema\\\/person\\\/bc25f17c52f8823bd9e71e25c2438083\"},\"breadcrumb\":{\"@id\":\"https:\\\/\\\/cupe.on.ca\\\/fr\\\/24-octobre-2019-journee-dappreciation-des-educatrices-et-educateurs-des-services-dapprentissage-et-de-garde-des-jeunes-enfants-champions-des-enfants\\\/#breadcrumb\"},\"inLanguage\":\"fr-FR\",\"potentialAction\":[{\"@type\":\"ReadAction\",\"target\":[\"https:\\\/\\\/cupe.on.ca\\\/fr\\\/24-octobre-2019-journee-dappreciation-des-educatrices-et-educateurs-des-services-dapprentissage-et-de-garde-des-jeunes-enfants-champions-des-enfants\\\/\"]}]},{\"@type\":\"BreadcrumbList\",\"@id\":\"https:\\\/\\\/cupe.on.ca\\\/fr\\\/24-octobre-2019-journee-dappreciation-des-educatrices-et-educateurs-des-services-dapprentissage-et-de-garde-des-jeunes-enfants-champions-des-enfants\\\/#breadcrumb\",\"itemListElement\":[{\"@type\":\"ListItem\",\"position\":1,\"name\":\"Home\",\"item\":\"https:\\\/\\\/cupe.on.ca\\\/fr\\\/\"},{\"@type\":\"ListItem\",\"position\":2,\"name\":\"24 octobre 2019, Journ\u00e9e d\u2019appr\u00e9ciation des \u00e9ducatrices et \u00e9ducateurs des services d\u2019apprentissage et de garde des jeunes enfants\u2014\u00ab Champions des enfants \u00bb\"}]},{\"@type\":\"WebSite\",\"@id\":\"https:\\\/\\\/cupe.on.ca\\\/fr\\\/#website\",\"url\":\"https:\\\/\\\/cupe.on.ca\\\/fr\\\/\",\"name\":\"SCFP-Ontario\",\"description\":\"B\u00e2tir Un Ontario Meilleur\",\"potentialAction\":[{\"@type\":\"SearchAction\",\"target\":{\"@type\":\"EntryPoint\",\"urlTemplate\":\"https:\\\/\\\/cupe.on.ca\\\/fr\\\/?s={search_term_string}\"},\"query-input\":{\"@type\":\"PropertyValueSpecification\",\"valueRequired\":true,\"valueName\":\"search_term_string\"}}],\"inLanguage\":\"fr-FR\"},{\"@type\":\"Person\",\"@id\":\"https:\\\/\\\/cupe.on.ca\\\/fr\\\/#\\\/schema\\\/person\\\/bc25f17c52f8823bd9e71e25c2438083\",\"name\":\"Liam Bedard\",\"url\":\"https:\\\/\\\/cupe.on.ca\\\/fr\\\/author\\\/lbedardcupe-on-ca\\\/\"}]}<\/script>\n<!-- \/ Yoast SEO plugin. -->","yoast_head_json":{"title":"24 octobre 2019, Journ\u00e9e d\u2019appr\u00e9ciation des \u00e9ducatrices et \u00e9ducateurs des services d\u2019apprentissage et de garde des jeunes enfants\u2014\u00ab Champions des enfants \u00bb - SCFP-Ontario","robots":{"index":"index","follow":"follow","max-snippet":"max-snippet:-1","max-image-preview":"max-image-preview:large","max-video-preview":"max-video-preview:-1"},"canonical":"https:\/\/cupe.on.ca\/fr\/24-octobre-2019-journee-dappreciation-des-educatrices-et-educateurs-des-services-dapprentissage-et-de-garde-des-jeunes-enfants-champions-des-enfants\/","og_locale":"fr_FR","og_type":"article","og_title":"24 octobre 2019, Journ\u00e9e d\u2019appr\u00e9ciation des \u00e9ducatrices et \u00e9ducateurs des services d\u2019apprentissage et de garde des jeunes enfants\u2014\u00ab Champions des enfants \u00bb - SCFP-Ontario","og_description":"[vc_row][vc_column][vc_raw_html]JTNDZGl2JTIwY2xhc3MlM0QlMjJmYi1saWtlJTIyJTIwZGF0YS1ocmVmJTNEJTIyaHR0cHMlM0ElMkYlMkZmYWNlYm9vay5jb20lMkZjdXBlb250YXJpbyUyMiUyMGRhdGEtbGF5b3V0JTNEJTIyc3RhbmRhcmQlMjIlMjBkYXRhLWFjdGlvbiUzRCUyMmxpa2UlMjIlMjBkYXRhLXNpemUlM0QlMjJsYXJnZSUyMiUyMGRhdGEtc2hvdy1mYWNlcyUzRCUyMnRydWUlMjIlMjBkYXRhLXNoYXJlJTNEJTIyZmFsc2UlMjIlM0UlM0MlMkZkaXYlM0U=[\/vc_raw_html][vc_column_text]Le 24 octobre 2019 est la 19e Journ\u00e9e annuelle d\u2019appr\u00e9ciation des \u00e9ducatrices et \u00e9ducateurs des services d\u2019apprentissage et de garde des jeunes enfants. Cette ann\u00e9e, le th\u00e8me est \u00ab Champions des enfants \u00bb. Aujourd\u2019hui, nous reconnaissons et nous remercions les \u00e9ducatrices et \u00e9ducateurs des services d\u2019apprentissage et de garde des jeunes enfants d\u00e9vou\u00e9s et assidus&hellip;","og_url":"https:\/\/cupe.on.ca\/fr\/24-octobre-2019-journee-dappreciation-des-educatrices-et-educateurs-des-services-dapprentissage-et-de-garde-des-jeunes-enfants-champions-des-enfants\/","og_site_name":"SCFP-Ontario","article_publisher":"https:\/\/facebook.com\/CUPEOntario","article_published_time":"2019-10-24T17:43:24+00:00","article_modified_time":"2019-10-29T17:21:19+00:00","og_image":[{"width":1200,"height":630,"url":"https:\/\/cupe.on.ca\/wp-content\/uploads\/2020\/09\/cupetwitter2.jpg","type":"image\/jpeg"}],"author":"Liam Bedard","twitter_card":"summary_large_image","twitter_creator":"@CUPEOntario","twitter_site":"@CUPEOntario","schema":{"@context":"https:\/\/schema.org","@graph":[{"@type":"Article","@id":"https:\/\/cupe.on.ca\/fr\/24-octobre-2019-journee-dappreciation-des-educatrices-et-educateurs-des-services-dapprentissage-et-de-garde-des-jeunes-enfants-champions-des-enfants\/#article","isPartOf":{"@id":"https:\/\/cupe.on.ca\/fr\/24-octobre-2019-journee-dappreciation-des-educatrices-et-educateurs-des-services-dapprentissage-et-de-garde-des-jeunes-enfants-champions-des-enfants\/"},"author":{"name":"Liam Bedard","@id":"https:\/\/cupe.on.ca\/fr\/#\/schema\/person\/bc25f17c52f8823bd9e71e25c2438083"},"headline":"24 octobre 2019, Journ\u00e9e d\u2019appr\u00e9ciation des \u00e9ducatrices et \u00e9ducateurs des services d\u2019apprentissage et de garde des jeunes enfants\u2014\u00ab Champions des enfants \u00bb","datePublished":"2019-10-24T17:43:24+00:00","dateModified":"2019-10-29T17:21:19+00:00","mainEntityOfPage":{"@id":"https:\/\/cupe.on.ca\/fr\/24-octobre-2019-journee-dappreciation-des-educatrices-et-educateurs-des-services-dapprentissage-et-de-garde-des-jeunes-enfants-champions-des-enfants\/"},"wordCount":492,"keywords":["Headlines-App","Headlines-App-Header"],"articleSection":["La solidarit\u00e9","Services de garde","Solidarit\u00e9 internationale"],"inLanguage":"fr-FR"},{"@type":"WebPage","@id":"https:\/\/cupe.on.ca\/fr\/24-octobre-2019-journee-dappreciation-des-educatrices-et-educateurs-des-services-dapprentissage-et-de-garde-des-jeunes-enfants-champions-des-enfants\/","url":"https:\/\/cupe.on.ca\/fr\/24-octobre-2019-journee-dappreciation-des-educatrices-et-educateurs-des-services-dapprentissage-et-de-garde-des-jeunes-enfants-champions-des-enfants\/","name":"24 octobre 2019, Journ\u00e9e d\u2019appr\u00e9ciation des \u00e9ducatrices et \u00e9ducateurs des services d\u2019apprentissage et de garde des jeunes enfants\u2014\u00ab Champions des enfants \u00bb - SCFP-Ontario","isPartOf":{"@id":"https:\/\/cupe.on.ca\/fr\/#website"},"datePublished":"2019-10-24T17:43:24+00:00","dateModified":"2019-10-29T17:21:19+00:00","author":{"@id":"https:\/\/cupe.on.ca\/fr\/#\/schema\/person\/bc25f17c52f8823bd9e71e25c2438083"},"breadcrumb":{"@id":"https:\/\/cupe.on.ca\/fr\/24-octobre-2019-journee-dappreciation-des-educatrices-et-educateurs-des-services-dapprentissage-et-de-garde-des-jeunes-enfants-champions-des-enfants\/#breadcrumb"},"inLanguage":"fr-FR","potentialAction":[{"@type":"ReadAction","target":["https:\/\/cupe.on.ca\/fr\/24-octobre-2019-journee-dappreciation-des-educatrices-et-educateurs-des-services-dapprentissage-et-de-garde-des-jeunes-enfants-champions-des-enfants\/"]}]},{"@type":"BreadcrumbList","@id":"https:\/\/cupe.on.ca\/fr\/24-octobre-2019-journee-dappreciation-des-educatrices-et-educateurs-des-services-dapprentissage-et-de-garde-des-jeunes-enfants-champions-des-enfants\/#breadcrumb","itemListElement":[{"@type":"ListItem","position":1,"name":"Home","item":"https:\/\/cupe.on.ca\/fr\/"},{"@type":"ListItem","position":2,"name":"24 octobre 2019, Journ\u00e9e d\u2019appr\u00e9ciation des \u00e9ducatrices et \u00e9ducateurs des services d\u2019apprentissage et de garde des jeunes enfants\u2014\u00ab Champions des enfants \u00bb"}]},{"@type":"WebSite","@id":"https:\/\/cupe.on.ca\/fr\/#website","url":"https:\/\/cupe.on.ca\/fr\/","name":"SCFP-Ontario","description":"B\u00e2tir Un Ontario Meilleur","potentialAction":[{"@type":"SearchAction","target":{"@type":"EntryPoint","urlTemplate":"https:\/\/cupe.on.ca\/fr\/?s={search_term_string}"},"query-input":{"@type":"PropertyValueSpecification","valueRequired":true,"valueName":"search_term_string"}}],"inLanguage":"fr-FR"},{"@type":"Person","@id":"https:\/\/cupe.on.ca\/fr\/#\/schema\/person\/bc25f17c52f8823bd9e71e25c2438083","name":"Liam Bedard","url":"https:\/\/cupe.on.ca\/fr\/author\/lbedardcupe-on-ca\/"}]}},"_links":{"self":[{"href":"https:\/\/cupe.on.ca\/fr\/wp-json\/wp\/v2\/posts\/34531","targetHints":{"allow":["GET"]}}],"collection":[{"href":"https:\/\/cupe.on.ca\/fr\/wp-json\/wp\/v2\/posts"}],"about":[{"href":"https:\/\/cupe.on.ca\/fr\/wp-json\/wp\/v2\/types\/post"}],"author":[{"embeddable":true,"href":"https:\/\/cupe.on.ca\/fr\/wp-json\/wp\/v2\/users\/12"}],"replies":[{"embeddable":true,"href":"https:\/\/cupe.on.ca\/fr\/wp-json\/wp\/v2\/comments?post=34531"}],"version-history":[{"count":0,"href":"https:\/\/cupe.on.ca\/fr\/wp-json\/wp\/v2\/posts\/34531\/revisions"}],"wp:attachment":[{"href":"https:\/\/cupe.on.ca\/fr\/wp-json\/wp\/v2\/media?parent=34531"}],"wp:term":[{"taxonomy":"category","embeddable":true,"href":"https:\/\/cupe.on.ca\/fr\/wp-json\/wp\/v2\/categories?post=34531"},{"taxonomy":"post_tag","embeddable":true,"href":"https:\/\/cupe.on.ca\/fr\/wp-json\/wp\/v2\/tags?post=34531"}],"curies":[{"name":"wp","href":"https:\/\/api.w.org\/{rel}","templated":true}]}}