





{"id":27556,"date":"2017-12-11T13:31:01","date_gmt":"2017-12-11T18:31:01","guid":{"rendered":"https:\/\/cupeon201807.wpengine.com\/paramedics-protest-queens-park-tuesday-say-province-courting-death-disaster-changes-ambulance-act\/"},"modified":"2017-12-18T10:45:39","modified_gmt":"2017-12-18T15:45:39","slug":"les-ambulanciers-paramedicaux-protesteront-a-queens-park-mardi-ils-affirment-que-la-province-sexpose-aux-deces-et-aux-catastrophes-avec-les-changements-a-la-loi-sur-les-ambulances","status":"publish","type":"post","link":"https:\/\/cupe.on.ca\/fr\/les-ambulanciers-paramedicaux-protesteront-a-queens-park-mardi-ils-affirment-que-la-province-sexpose-aux-deces-et-aux-catastrophes-avec-les-changements-a-la-loi-sur-les-ambulances\/","title":{"rendered":"Les ambulanciers param\u00e9dicaux protesteront \u00e0 Queen\u2019s Park mardi; ils affirment que la province s\u2019expose aux d\u00e9c\u00e8s et aux catastrophes avec les changements \u00e0 la Loi sur les ambulances"},"content":{"rendered":"<p>&nbsp;<\/p>\n<p>TORONTO (ONTARIO) \u2013 Dans un rare \u00e9lan d\u2019opposition quant aux changements dans les soins m\u00e9dicaux pr\u00e9hospitaliers offerts par les ambulanciers param\u00e9dicaux, des douzaines d\u2019ambulanciers param\u00e9dicaux de plusieurs collectivit\u00e9s manifesteront devant l\u2019Assembl\u00e9e l\u00e9gislative de l\u2019Ontario, demain (le mardi 12 d\u00e9cembre, \u00e0 10\u00a0h\u00a000), contre les modifications \u00e0 la <em>Loi sur les ambulances<\/em> qui, selon eux, nuiront aux patients qui ont besoin de soins m\u00e9dicaux d\u2019urgence. Ce sera la troisi\u00e8me et derni\u00e8re lecture du projet de loi, mardi, par le gouvernement.<\/p>\n<p>\u00ab\u00a0Ce n\u2019est que dans des circonstances exceptionnelles que nous sortons et que nous allons devant l\u2019Assembl\u00e9e l\u00e9gislative pour exhorter le gouvernement \u00e0 ne pas apporter des changements qui, selon nous, mettront les vies des Ontariens en danger\u00a0\u00bb, de dire Jason\u00a0Fraser, un ambulancier param\u00e9dical et pr\u00e9sident du Comit\u00e9 des travailleurs ambulanciers de l\u2019Ontario (CACO) du Syndicat canadien de la fonction publique (SCFP).<\/p>\n<p>Ces changements ouvriront, entre autres, la porte \u00e0 un syst\u00e8me d\u2019ambulanciers param\u00e9dicaux parall\u00e8le co\u00fbteux bas\u00e9 sur les services des incendies. \u00ab\u00a0Cela se fait sans supervision r\u00e9glementaire et administrative ad\u00e9quate, plut\u00f4t que de transf\u00e9rer les ressources \u00e0 nos services d\u2019ambulanciers param\u00e9dicaux bas\u00e9s sur les services ambulanciers existants, qui sont moins co\u00fbteux que les services des incendies \u00e0 exploiter et ont plusieurs niveaux d\u2019assurance de qualit\u00e9 pour les patients. Il n\u2019est pas exag\u00e9r\u00e9 de dire que le gouvernement provincial s\u2019expose aux d\u00e9c\u00e8s et aux catastrophes avec ces changements \u00e0 la <em>Loi sur les ambulances<\/em>\u00a0\u00bb, de dire M.\u00a0Fraser.<\/p>\n<p>M.\u00a0Fraser et d\u2019autres ambulanciers param\u00e9dicaux du SCFP d\u2019Ottawa, Toronto, Durham, York, Peterborough et Belleville, ainsi que des comt\u00e9s de Perth et de Huron, protesteront contre les changements \u00e0 la <em>Loi sur les ambulances<\/em>\u00a0contenus dans le projet de loi\u00a0160, qui n\u2019a pas encore \u00e9t\u00e9 adopt\u00e9, mais qui ira en troisi\u00e8me et derni\u00e8re lecture, demain.<\/p>\n<p>Au cours des derni\u00e8res ann\u00e9es, la Ontario Professional Fire Fighters Association (OPFFA) (Association des pompiers professionnels de l\u2019Ontario) a exerc\u00e9 des pressions sur les lib\u00e9raux provinciaux afin qu\u2019ils \u00e9largissent le r\u00f4le des pompiers pour qu\u2019ils offrent des soins m\u00e9dicaux d\u2019urgence. Certaines modifications \u00e0 la <em>Loi sur les ambulances<\/em>\u00a0qui seront apport\u00e9es par l\u2019entremise du projet de loi\u00a0160 faciliteront cet \u00e9largissement, m\u00eame si la supervision des pompiers qui offrent des services m\u00e9dicaux d\u2019urgence est compl\u00e8tement absente.<\/p>\n<p>Le SCFP, en tant que repr\u00e9sentant de la majorit\u00e9 des ambulanciers param\u00e9dicaux (plus de 5\u00a0000) de l\u2019Ontario, s\u2019est toujours oppos\u00e9 aux propositions des pompiers d\u2019affaiblir le statut des ambulanciers param\u00e9dicaux puisque cela soul\u00e8ve de graves probl\u00e8mes de qualit\u00e9 et de co\u00fbt pour les soins.<\/p>\n<p>Le projet de loi\u00a0160 est une loi \u00e9toff\u00e9e, permissive et complexe qui a eu droit \u00e0 \u00ab\u00a0tr\u00e8s peu de surveillance publique. La plupart des Ontariens ne savent m\u00eame pas que des changements seront apport\u00e9s\u00a0\u00bb, de dire Jason\u00a0Fraser. Mais si le projet de loi est adopt\u00e9, il entra\u00eenera d\u2019importants changements qui, selon nous, seront n\u00e9gatifs pour les patients et entra\u00eeneront des co\u00fbts plus \u00e9lev\u00e9s pour les municipalit\u00e9s quant \u00e0 l\u2019offre de services m\u00e9dicaux d\u2019urgence. Nous avons entrepris des discussions avec ce gouvernement il y a plus de deux\u00a0ans afin de l\u2019exhorter \u00e0 ne pas adopter ces changements. Nous ne sommes pas les seuls \u00e0 soulever des pr\u00e9occupations, \u00e0 apporter des modifications constructives au projet de loi propos\u00e9 par le gouvernement et, malheureusement, \u00e0 \u00eatre ignor\u00e9s.\u00a0\u00bb<\/p>\n<p>Les municipalit\u00e9s et les chefs des services d\u2019ambulanciers param\u00e9dicaux de l\u2019Ontario n\u2019ont pas non plus donn\u00e9 leur soutien \u00e0 certains aspects des changements propos\u00e9s dans le projet de loi\u00a0160.<\/p>\n<p>-30-<\/p>\n<p>Pour obtenir des renseignements suppl\u00e9mentaires, veuillez communiquer avec\u00a0:<\/p>\n<p>Stella Yeadon, Service des communications du Syndicat canadien de la fonction publique (SCFP), au 416-559-9300<\/p>\n<p>SEPB491\/EW<\/p>\n","protected":false},"excerpt":{"rendered":"<p>&nbsp; TORONTO (ONTARIO) \u2013 Dans un rare \u00e9lan d\u2019opposition quant aux changements dans les soins m\u00e9dicaux pr\u00e9hospitaliers offerts par les ambulanciers param\u00e9dicaux, des douzaines d\u2019ambulanciers param\u00e9dicaux de plusieurs collectivit\u00e9s manifesteront devant l\u2019Assembl\u00e9e l\u00e9gislative de l\u2019Ontario, demain (le mardi 12 d\u00e9cembre, \u00e0 10\u00a0h\u00a000), contre les modifications \u00e0 la Loi sur les ambulances qui, selon eux, nuiront&hellip;<\/p>\n","protected":false},"author":12,"featured_media":24138,"comment_status":"closed","ping_status":"open","sticky":false,"template":"","format":"standard","meta":{"_acf_changed":false,"footnotes":""},"categories":[203],"tags":[],"class_list":["post-27556","post","type-post","status-publish","format-standard","has-post-thumbnail","hentry","category-travailleuses-et-travailleurs-paramedicaux","category-203","description-off"],"acf":[],"yoast_head":"<!-- This site is optimized with the Yoast SEO plugin v28.3 - https:\/\/yoast.com\/product\/yoast-seo-wordpress\/ -->\n<title>Les ambulanciers param\u00e9dicaux protesteront \u00e0 Queen\u2019s Park mardi; ils affirment que la province s\u2019expose aux d\u00e9c\u00e8s et aux catastrophes avec les changements \u00e0 la Loi sur les ambulances - SCFP-Ontario<\/title>\n<meta name=\"robots\" content=\"index, follow, max-snippet:-1, max-image-preview:large, max-video-preview:-1\" \/>\n<link rel=\"canonical\" href=\"https:\/\/cupe.on.ca\/fr\/les-ambulanciers-paramedicaux-protesteront-a-queens-park-mardi-ils-affirment-que-la-province-sexpose-aux-deces-et-aux-catastrophes-avec-les-changements-a-la-loi-sur-les-ambulances\/\" \/>\n<meta property=\"og:locale\" content=\"fr_FR\" \/>\n<meta property=\"og:type\" content=\"article\" \/>\n<meta property=\"og:title\" content=\"Les ambulanciers param\u00e9dicaux protesteront \u00e0 Queen\u2019s Park mardi; ils affirment que la province s\u2019expose aux d\u00e9c\u00e8s et aux catastrophes avec les changements \u00e0 la Loi sur les ambulances - SCFP-Ontario\" \/>\n<meta property=\"og:description\" content=\"&nbsp; TORONTO (ONTARIO) \u2013 Dans un rare \u00e9lan d\u2019opposition quant aux changements dans les soins m\u00e9dicaux pr\u00e9hospitaliers offerts par les ambulanciers param\u00e9dicaux, des douzaines d\u2019ambulanciers param\u00e9dicaux de plusieurs collectivit\u00e9s manifesteront devant l\u2019Assembl\u00e9e l\u00e9gislative de l\u2019Ontario, demain (le mardi 12 d\u00e9cembre, \u00e0 10\u00a0h\u00a000), contre les modifications \u00e0 la Loi sur les ambulances qui, selon eux, nuiront&hellip;\" \/>\n<meta property=\"og:url\" content=\"https:\/\/cupe.on.ca\/fr\/les-ambulanciers-paramedicaux-protesteront-a-queens-park-mardi-ils-affirment-que-la-province-sexpose-aux-deces-et-aux-catastrophes-avec-les-changements-a-la-loi-sur-les-ambulances\/\" \/>\n<meta property=\"og:site_name\" content=\"SCFP-Ontario\" \/>\n<meta property=\"article:publisher\" content=\"https:\/\/facebook.com\/CUPEOntario\" \/>\n<meta property=\"article:published_time\" content=\"2017-12-11T18:31:01+00:00\" \/>\n<meta property=\"article:modified_time\" content=\"2017-12-18T15:45:39+00:00\" \/>\n<meta property=\"og:image\" content=\"https:\/\/cupe.on.ca\/wp-content\/uploads\/2016\/12\/2016-02-19-paramedics-ptsd.jpeg\" \/>\n\t<meta property=\"og:image:width\" content=\"876\" \/>\n\t<meta property=\"og:image:height\" content=\"458\" \/>\n\t<meta property=\"og:image:type\" content=\"image\/jpeg\" \/>\n<meta name=\"author\" content=\"Liam Bedard\" \/>\n<meta name=\"twitter:card\" content=\"summary_large_image\" \/>\n<meta name=\"twitter:creator\" content=\"@CUPEOntario\" \/>\n<meta name=\"twitter:site\" content=\"@CUPEOntario\" \/>\n<script type=\"application\/ld+json\" class=\"yoast-schema-graph\">{\"@context\":\"https:\\\/\\\/schema.org\",\"@graph\":[{\"@type\":\"Article\",\"@id\":\"https:\\\/\\\/cupe.on.ca\\\/fr\\\/les-ambulanciers-paramedicaux-protesteront-a-queens-park-mardi-ils-affirment-que-la-province-sexpose-aux-deces-et-aux-catastrophes-avec-les-changements-a-la-loi-sur-les-ambulances\\\/#article\",\"isPartOf\":{\"@id\":\"https:\\\/\\\/cupe.on.ca\\\/fr\\\/les-ambulanciers-paramedicaux-protesteront-a-queens-park-mardi-ils-affirment-que-la-province-sexpose-aux-deces-et-aux-catastrophes-avec-les-changements-a-la-loi-sur-les-ambulances\\\/\"},\"author\":{\"name\":\"Liam Bedard\",\"@id\":\"https:\\\/\\\/cupe.on.ca\\\/fr\\\/#\\\/schema\\\/person\\\/bc25f17c52f8823bd9e71e25c2438083\"},\"headline\":\"Les ambulanciers param\u00e9dicaux protesteront \u00e0 Queen\u2019s Park mardi; ils affirment que la province s\u2019expose aux d\u00e9c\u00e8s et aux catastrophes avec les changements \u00e0 la Loi sur les ambulances\",\"datePublished\":\"2017-12-11T18:31:01+00:00\",\"dateModified\":\"2017-12-18T15:45:39+00:00\",\"mainEntityOfPage\":{\"@id\":\"https:\\\/\\\/cupe.on.ca\\\/fr\\\/les-ambulanciers-paramedicaux-protesteront-a-queens-park-mardi-ils-affirment-que-la-province-sexpose-aux-deces-et-aux-catastrophes-avec-les-changements-a-la-loi-sur-les-ambulances\\\/\"},\"wordCount\":703,\"image\":{\"@id\":\"https:\\\/\\\/cupe.on.ca\\\/fr\\\/les-ambulanciers-paramedicaux-protesteront-a-queens-park-mardi-ils-affirment-que-la-province-sexpose-aux-deces-et-aux-catastrophes-avec-les-changements-a-la-loi-sur-les-ambulances\\\/#primaryimage\"},\"thumbnailUrl\":\"https:\\\/\\\/cupe.on.ca\\\/wp-content\\\/uploads\\\/2016\\\/12\\\/2016-02-19-paramedics-ptsd.jpeg\",\"articleSection\":[\"Travailleuses et travailleurs param\u00e9dicaux\"],\"inLanguage\":\"fr-FR\"},{\"@type\":\"WebPage\",\"@id\":\"https:\\\/\\\/cupe.on.ca\\\/fr\\\/les-ambulanciers-paramedicaux-protesteront-a-queens-park-mardi-ils-affirment-que-la-province-sexpose-aux-deces-et-aux-catastrophes-avec-les-changements-a-la-loi-sur-les-ambulances\\\/\",\"url\":\"https:\\\/\\\/cupe.on.ca\\\/fr\\\/les-ambulanciers-paramedicaux-protesteront-a-queens-park-mardi-ils-affirment-que-la-province-sexpose-aux-deces-et-aux-catastrophes-avec-les-changements-a-la-loi-sur-les-ambulances\\\/\",\"name\":\"Les ambulanciers param\u00e9dicaux protesteront \u00e0 Queen\u2019s Park mardi; ils affirment que la province s\u2019expose aux d\u00e9c\u00e8s et aux catastrophes avec les changements \u00e0 la Loi sur les ambulances - SCFP-Ontario\",\"isPartOf\":{\"@id\":\"https:\\\/\\\/cupe.on.ca\\\/fr\\\/#website\"},\"primaryImageOfPage\":{\"@id\":\"https:\\\/\\\/cupe.on.ca\\\/fr\\\/les-ambulanciers-paramedicaux-protesteront-a-queens-park-mardi-ils-affirment-que-la-province-sexpose-aux-deces-et-aux-catastrophes-avec-les-changements-a-la-loi-sur-les-ambulances\\\/#primaryimage\"},\"image\":{\"@id\":\"https:\\\/\\\/cupe.on.ca\\\/fr\\\/les-ambulanciers-paramedicaux-protesteront-a-queens-park-mardi-ils-affirment-que-la-province-sexpose-aux-deces-et-aux-catastrophes-avec-les-changements-a-la-loi-sur-les-ambulances\\\/#primaryimage\"},\"thumbnailUrl\":\"https:\\\/\\\/cupe.on.ca\\\/wp-content\\\/uploads\\\/2016\\\/12\\\/2016-02-19-paramedics-ptsd.jpeg\",\"datePublished\":\"2017-12-11T18:31:01+00:00\",\"dateModified\":\"2017-12-18T15:45:39+00:00\",\"author\":{\"@id\":\"https:\\\/\\\/cupe.on.ca\\\/fr\\\/#\\\/schema\\\/person\\\/bc25f17c52f8823bd9e71e25c2438083\"},\"breadcrumb\":{\"@id\":\"https:\\\/\\\/cupe.on.ca\\\/fr\\\/les-ambulanciers-paramedicaux-protesteront-a-queens-park-mardi-ils-affirment-que-la-province-sexpose-aux-deces-et-aux-catastrophes-avec-les-changements-a-la-loi-sur-les-ambulances\\\/#breadcrumb\"},\"inLanguage\":\"fr-FR\",\"potentialAction\":[{\"@type\":\"ReadAction\",\"target\":[\"https:\\\/\\\/cupe.on.ca\\\/fr\\\/les-ambulanciers-paramedicaux-protesteront-a-queens-park-mardi-ils-affirment-que-la-province-sexpose-aux-deces-et-aux-catastrophes-avec-les-changements-a-la-loi-sur-les-ambulances\\\/\"]}]},{\"@type\":\"ImageObject\",\"inLanguage\":\"fr-FR\",\"@id\":\"https:\\\/\\\/cupe.on.ca\\\/fr\\\/les-ambulanciers-paramedicaux-protesteront-a-queens-park-mardi-ils-affirment-que-la-province-sexpose-aux-deces-et-aux-catastrophes-avec-les-changements-a-la-loi-sur-les-ambulances\\\/#primaryimage\",\"url\":\"https:\\\/\\\/cupe.on.ca\\\/wp-content\\\/uploads\\\/2016\\\/12\\\/2016-02-19-paramedics-ptsd.jpeg\",\"contentUrl\":\"https:\\\/\\\/cupe.on.ca\\\/wp-content\\\/uploads\\\/2016\\\/12\\\/2016-02-19-paramedics-ptsd.jpeg\",\"width\":876,\"height\":458},{\"@type\":\"BreadcrumbList\",\"@id\":\"https:\\\/\\\/cupe.on.ca\\\/fr\\\/les-ambulanciers-paramedicaux-protesteront-a-queens-park-mardi-ils-affirment-que-la-province-sexpose-aux-deces-et-aux-catastrophes-avec-les-changements-a-la-loi-sur-les-ambulances\\\/#breadcrumb\",\"itemListElement\":[{\"@type\":\"ListItem\",\"position\":1,\"name\":\"Home\",\"item\":\"https:\\\/\\\/cupe.on.ca\\\/fr\\\/\"},{\"@type\":\"ListItem\",\"position\":2,\"name\":\"Les ambulanciers param\u00e9dicaux protesteront \u00e0 Queen\u2019s Park mardi; ils affirment que la province s\u2019expose aux d\u00e9c\u00e8s et aux catastrophes avec les changements \u00e0 la Loi sur les ambulances\"}]},{\"@type\":\"WebSite\",\"@id\":\"https:\\\/\\\/cupe.on.ca\\\/fr\\\/#website\",\"url\":\"https:\\\/\\\/cupe.on.ca\\\/fr\\\/\",\"name\":\"SCFP-Ontario\",\"description\":\"B\u00e2tir Un Ontario Meilleur\",\"potentialAction\":[{\"@type\":\"SearchAction\",\"target\":{\"@type\":\"EntryPoint\",\"urlTemplate\":\"https:\\\/\\\/cupe.on.ca\\\/fr\\\/?s={search_term_string}\"},\"query-input\":{\"@type\":\"PropertyValueSpecification\",\"valueRequired\":true,\"valueName\":\"search_term_string\"}}],\"inLanguage\":\"fr-FR\"},{\"@type\":\"Person\",\"@id\":\"https:\\\/\\\/cupe.on.ca\\\/fr\\\/#\\\/schema\\\/person\\\/bc25f17c52f8823bd9e71e25c2438083\",\"name\":\"Liam Bedard\",\"url\":\"https:\\\/\\\/cupe.on.ca\\\/fr\\\/author\\\/lbedardcupe-on-ca\\\/\"}]}<\/script>\n<!-- \/ Yoast SEO plugin. -->","yoast_head_json":{"title":"Les ambulanciers param\u00e9dicaux protesteront \u00e0 Queen\u2019s Park mardi; ils affirment que la province s\u2019expose aux d\u00e9c\u00e8s et aux catastrophes avec les changements \u00e0 la Loi sur les ambulances - SCFP-Ontario","robots":{"index":"index","follow":"follow","max-snippet":"max-snippet:-1","max-image-preview":"max-image-preview:large","max-video-preview":"max-video-preview:-1"},"canonical":"https:\/\/cupe.on.ca\/fr\/les-ambulanciers-paramedicaux-protesteront-a-queens-park-mardi-ils-affirment-que-la-province-sexpose-aux-deces-et-aux-catastrophes-avec-les-changements-a-la-loi-sur-les-ambulances\/","og_locale":"fr_FR","og_type":"article","og_title":"Les ambulanciers param\u00e9dicaux protesteront \u00e0 Queen\u2019s Park mardi; ils affirment que la province s\u2019expose aux d\u00e9c\u00e8s et aux catastrophes avec les changements \u00e0 la Loi sur les ambulances - SCFP-Ontario","og_description":"&nbsp; TORONTO (ONTARIO) \u2013 Dans un rare \u00e9lan d\u2019opposition quant aux changements dans les soins m\u00e9dicaux pr\u00e9hospitaliers offerts par les ambulanciers param\u00e9dicaux, des douzaines d\u2019ambulanciers param\u00e9dicaux de plusieurs collectivit\u00e9s manifesteront devant l\u2019Assembl\u00e9e l\u00e9gislative de l\u2019Ontario, demain (le mardi 12 d\u00e9cembre, \u00e0 10\u00a0h\u00a000), contre les modifications \u00e0 la Loi sur les ambulances qui, selon eux, nuiront&hellip;","og_url":"https:\/\/cupe.on.ca\/fr\/les-ambulanciers-paramedicaux-protesteront-a-queens-park-mardi-ils-affirment-que-la-province-sexpose-aux-deces-et-aux-catastrophes-avec-les-changements-a-la-loi-sur-les-ambulances\/","og_site_name":"SCFP-Ontario","article_publisher":"https:\/\/facebook.com\/CUPEOntario","article_published_time":"2017-12-11T18:31:01+00:00","article_modified_time":"2017-12-18T15:45:39+00:00","og_image":[{"width":876,"height":458,"url":"https:\/\/cupe.on.ca\/wp-content\/uploads\/2016\/12\/2016-02-19-paramedics-ptsd.jpeg","type":"image\/jpeg"}],"author":"Liam Bedard","twitter_card":"summary_large_image","twitter_creator":"@CUPEOntario","twitter_site":"@CUPEOntario","schema":{"@context":"https:\/\/schema.org","@graph":[{"@type":"Article","@id":"https:\/\/cupe.on.ca\/fr\/les-ambulanciers-paramedicaux-protesteront-a-queens-park-mardi-ils-affirment-que-la-province-sexpose-aux-deces-et-aux-catastrophes-avec-les-changements-a-la-loi-sur-les-ambulances\/#article","isPartOf":{"@id":"https:\/\/cupe.on.ca\/fr\/les-ambulanciers-paramedicaux-protesteront-a-queens-park-mardi-ils-affirment-que-la-province-sexpose-aux-deces-et-aux-catastrophes-avec-les-changements-a-la-loi-sur-les-ambulances\/"},"author":{"name":"Liam Bedard","@id":"https:\/\/cupe.on.ca\/fr\/#\/schema\/person\/bc25f17c52f8823bd9e71e25c2438083"},"headline":"Les ambulanciers param\u00e9dicaux protesteront \u00e0 Queen\u2019s Park mardi; ils affirment que la province s\u2019expose aux d\u00e9c\u00e8s et aux catastrophes avec les changements \u00e0 la Loi sur les ambulances","datePublished":"2017-12-11T18:31:01+00:00","dateModified":"2017-12-18T15:45:39+00:00","mainEntityOfPage":{"@id":"https:\/\/cupe.on.ca\/fr\/les-ambulanciers-paramedicaux-protesteront-a-queens-park-mardi-ils-affirment-que-la-province-sexpose-aux-deces-et-aux-catastrophes-avec-les-changements-a-la-loi-sur-les-ambulances\/"},"wordCount":703,"image":{"@id":"https:\/\/cupe.on.ca\/fr\/les-ambulanciers-paramedicaux-protesteront-a-queens-park-mardi-ils-affirment-que-la-province-sexpose-aux-deces-et-aux-catastrophes-avec-les-changements-a-la-loi-sur-les-ambulances\/#primaryimage"},"thumbnailUrl":"https:\/\/cupe.on.ca\/wp-content\/uploads\/2016\/12\/2016-02-19-paramedics-ptsd.jpeg","articleSection":["Travailleuses et travailleurs param\u00e9dicaux"],"inLanguage":"fr-FR"},{"@type":"WebPage","@id":"https:\/\/cupe.on.ca\/fr\/les-ambulanciers-paramedicaux-protesteront-a-queens-park-mardi-ils-affirment-que-la-province-sexpose-aux-deces-et-aux-catastrophes-avec-les-changements-a-la-loi-sur-les-ambulances\/","url":"https:\/\/cupe.on.ca\/fr\/les-ambulanciers-paramedicaux-protesteront-a-queens-park-mardi-ils-affirment-que-la-province-sexpose-aux-deces-et-aux-catastrophes-avec-les-changements-a-la-loi-sur-les-ambulances\/","name":"Les ambulanciers param\u00e9dicaux protesteront \u00e0 Queen\u2019s Park mardi; ils affirment que la province s\u2019expose aux d\u00e9c\u00e8s et aux catastrophes avec les changements \u00e0 la Loi sur les ambulances - SCFP-Ontario","isPartOf":{"@id":"https:\/\/cupe.on.ca\/fr\/#website"},"primaryImageOfPage":{"@id":"https:\/\/cupe.on.ca\/fr\/les-ambulanciers-paramedicaux-protesteront-a-queens-park-mardi-ils-affirment-que-la-province-sexpose-aux-deces-et-aux-catastrophes-avec-les-changements-a-la-loi-sur-les-ambulances\/#primaryimage"},"image":{"@id":"https:\/\/cupe.on.ca\/fr\/les-ambulanciers-paramedicaux-protesteront-a-queens-park-mardi-ils-affirment-que-la-province-sexpose-aux-deces-et-aux-catastrophes-avec-les-changements-a-la-loi-sur-les-ambulances\/#primaryimage"},"thumbnailUrl":"https:\/\/cupe.on.ca\/wp-content\/uploads\/2016\/12\/2016-02-19-paramedics-ptsd.jpeg","datePublished":"2017-12-11T18:31:01+00:00","dateModified":"2017-12-18T15:45:39+00:00","author":{"@id":"https:\/\/cupe.on.ca\/fr\/#\/schema\/person\/bc25f17c52f8823bd9e71e25c2438083"},"breadcrumb":{"@id":"https:\/\/cupe.on.ca\/fr\/les-ambulanciers-paramedicaux-protesteront-a-queens-park-mardi-ils-affirment-que-la-province-sexpose-aux-deces-et-aux-catastrophes-avec-les-changements-a-la-loi-sur-les-ambulances\/#breadcrumb"},"inLanguage":"fr-FR","potentialAction":[{"@type":"ReadAction","target":["https:\/\/cupe.on.ca\/fr\/les-ambulanciers-paramedicaux-protesteront-a-queens-park-mardi-ils-affirment-que-la-province-sexpose-aux-deces-et-aux-catastrophes-avec-les-changements-a-la-loi-sur-les-ambulances\/"]}]},{"@type":"ImageObject","inLanguage":"fr-FR","@id":"https:\/\/cupe.on.ca\/fr\/les-ambulanciers-paramedicaux-protesteront-a-queens-park-mardi-ils-affirment-que-la-province-sexpose-aux-deces-et-aux-catastrophes-avec-les-changements-a-la-loi-sur-les-ambulances\/#primaryimage","url":"https:\/\/cupe.on.ca\/wp-content\/uploads\/2016\/12\/2016-02-19-paramedics-ptsd.jpeg","contentUrl":"https:\/\/cupe.on.ca\/wp-content\/uploads\/2016\/12\/2016-02-19-paramedics-ptsd.jpeg","width":876,"height":458},{"@type":"BreadcrumbList","@id":"https:\/\/cupe.on.ca\/fr\/les-ambulanciers-paramedicaux-protesteront-a-queens-park-mardi-ils-affirment-que-la-province-sexpose-aux-deces-et-aux-catastrophes-avec-les-changements-a-la-loi-sur-les-ambulances\/#breadcrumb","itemListElement":[{"@type":"ListItem","position":1,"name":"Home","item":"https:\/\/cupe.on.ca\/fr\/"},{"@type":"ListItem","position":2,"name":"Les ambulanciers param\u00e9dicaux protesteront \u00e0 Queen\u2019s Park mardi; ils affirment que la province s\u2019expose aux d\u00e9c\u00e8s et aux catastrophes avec les changements \u00e0 la Loi sur les ambulances"}]},{"@type":"WebSite","@id":"https:\/\/cupe.on.ca\/fr\/#website","url":"https:\/\/cupe.on.ca\/fr\/","name":"SCFP-Ontario","description":"B\u00e2tir Un Ontario Meilleur","potentialAction":[{"@type":"SearchAction","target":{"@type":"EntryPoint","urlTemplate":"https:\/\/cupe.on.ca\/fr\/?s={search_term_string}"},"query-input":{"@type":"PropertyValueSpecification","valueRequired":true,"valueName":"search_term_string"}}],"inLanguage":"fr-FR"},{"@type":"Person","@id":"https:\/\/cupe.on.ca\/fr\/#\/schema\/person\/bc25f17c52f8823bd9e71e25c2438083","name":"Liam Bedard","url":"https:\/\/cupe.on.ca\/fr\/author\/lbedardcupe-on-ca\/"}]}},"_links":{"self":[{"href":"https:\/\/cupe.on.ca\/fr\/wp-json\/wp\/v2\/posts\/27556","targetHints":{"allow":["GET"]}}],"collection":[{"href":"https:\/\/cupe.on.ca\/fr\/wp-json\/wp\/v2\/posts"}],"about":[{"href":"https:\/\/cupe.on.ca\/fr\/wp-json\/wp\/v2\/types\/post"}],"author":[{"embeddable":true,"href":"https:\/\/cupe.on.ca\/fr\/wp-json\/wp\/v2\/users\/12"}],"replies":[{"embeddable":true,"href":"https:\/\/cupe.on.ca\/fr\/wp-json\/wp\/v2\/comments?post=27556"}],"version-history":[{"count":0,"href":"https:\/\/cupe.on.ca\/fr\/wp-json\/wp\/v2\/posts\/27556\/revisions"}],"wp:featuredmedia":[{"embeddable":true,"href":"https:\/\/cupe.on.ca\/fr\/wp-json\/wp\/v2\/media\/24138"}],"wp:attachment":[{"href":"https:\/\/cupe.on.ca\/fr\/wp-json\/wp\/v2\/media?parent=27556"}],"wp:term":[{"taxonomy":"category","embeddable":true,"href":"https:\/\/cupe.on.ca\/fr\/wp-json\/wp\/v2\/categories?post=27556"},{"taxonomy":"post_tag","embeddable":true,"href":"https:\/\/cupe.on.ca\/fr\/wp-json\/wp\/v2\/tags?post=27556"}],"curies":[{"name":"wp","href":"https:\/\/api.w.org\/{rel}","templated":true}]}}