





{"id":26091,"date":"2017-05-17T19:15:27","date_gmt":"2017-05-17T23:15:27","guid":{"rendered":"https:\/\/cupeon201807.wpengine.com\/fred-hahn-calls-premier-stand-workers-not-bow-pressures-bay-st\/"},"modified":"2017-05-22T15:02:18","modified_gmt":"2017-05-22T19:02:18","slug":"fred-hahn-demande-a-la-premiere-ministre-de-defendre-les-travailleurs-non-pas-de-ceder-aux-pressions-de-bay-street","status":"publish","type":"post","link":"https:\/\/cupe.on.ca\/fr\/fred-hahn-demande-a-la-premiere-ministre-de-defendre-les-travailleurs-non-pas-de-ceder-aux-pressions-de-bay-street\/","title":{"rendered":"Fred Hahn demande \u00e0 la premi\u00e8re ministre de d\u00e9fendre les travailleurs \u2013 non pas de c\u00e9der aux pressions de Bay Street"},"content":{"rendered":"<p>16\u00a0mai\u00a02017<\/p>\n<p>Madame la premi\u00e8re ministre\u00a0Wynne,<\/p>\n<p>Je vous \u00e9cris relativement \u00e0 des articles parus dans la presse au cours de la fin de semaine quant \u00e0 des changements imminents \u00e0 la <em>Loi sur les relations de travail<\/em> et \u00e0 la <em>Loi sur les normes d\u2019emploi<\/em>, y compris la possible augmentation du salaire minimum \u00e0 15\u00a0$ l\u2019heure.<\/p>\n<p>Je vous encourage, le plus \u00e9nerg\u00e9tiquement possible, \u00e0 donner suite \u00e0 ce que moi et de nombreuses autres personnes soup\u00e7onnent \u00eatre des changements progressistes qui sont recommand\u00e9s par le groupe d\u2019experts que votre gouvernement a cr\u00e9\u00e9 il y a deux\u00a0ans.<\/p>\n<p>L\u2019Ontario est pr\u00eat pour ce type de changement positif, en fait, nos collectivit\u00e9s en ont besoin. Le groupe d\u2019experts a entendu directement de la bouche de milliers de travailleurs de l\u2019Ontario qui ont fait part de la r\u00e9alit\u00e9 des d\u00e9fis auxquels un trop grand nombre de personnes sont confront\u00e9es dans notre province. Ils ont demand\u00e9 des changements l\u00e9gislatifs parce qu\u2019ils savent qu\u2019ils sont n\u00e9cessaires. Et ils comptent sur votre gouvernement pour vraiment \u00e9couter et agir d\u2019une mani\u00e8re qui non seulement les aidera en tant que travailleurs individuels, mais renforcera absolument l\u2019\u00e9conomie de notre province.<\/p>\n<p>Je sais tr\u00e8s bien qu\u2019il y a des gens qui demandent publiquement \u00e0 votre gouvernement de ne pas agir. Ils se servent des m\u00eames vieux arguments qui ont toujours \u00e9t\u00e9 utilis\u00e9s par un petit groupe contre tout changement progressiste \u00e0 la <em>Loi sur les normes d\u2019emploi<\/em> et \u00e0 la <em>Loi sur les relations de travail<\/em>.<\/p>\n<p>Ils parlent du risque de retomb\u00e9es \u00e9conomiques n\u00e9gatives, m\u00eame si ces arguments ont \u00e9t\u00e9 r\u00e9fut\u00e9s \u00e0 maintes reprises. Ils tentent m\u00eame de sugg\u00e9rer que les travailleurs veulent des emplois pr\u00e9caires moins bien r\u00e9mun\u00e9r\u00e9s \u2013 ce qui est tout \u00e0 fait ridicule.<\/p>\n<p>Ils demandent des \u00e9tudes qui sont absolument inutiles alors qu\u2019il y a une exp\u00e9rience tr\u00e8s r\u00e9elle dans d\u2019autres provinces qui d\u00e9montre des retomb\u00e9es \u00e9conomiques positives qui d\u00e9coulent du renforcement des lois sur les normes d\u2019emploi et les relations de travail. Sans mentionner le fait que votre gouvernement a entrepris une consultation exhaustive par l\u2019entremise de conseillers sp\u00e9ciaux depuis deux\u00a0ans d\u00e9j\u00e0.<\/p>\n<p>Ils continuent de se fier \u00e0 la propension de certains politiciens \u00e0 craindre le changement. Vous ne pouvez pas les laisser vous dissuader, vous et vos coll\u00e8gues, de faire tout ce qui est grandement n\u00e9cessaire et ce que les travailleurs partout dans la province appuient.<\/p>\n<p>Bien que certains articles parus dans la presse indiquent que votre gouvernement envisage le r\u00e9tablissement de l\u2019accr\u00e9ditation par la v\u00e9rification des cartes pour quelques cat\u00e9gories de travailleurs seulement, je veux qu\u2019il soit clair que nous devons la r\u00e9tablir pour tous les travailleurs de l\u2019Ontario. Le gouvernement lib\u00e9ral f\u00e9d\u00e9ral r\u00e9tablit ce droit pour les travailleurs de comp\u00e9tence f\u00e9d\u00e9rale parce que c\u2019est la bonne chose \u00e0 faire. Le r\u00e9tablissement de la v\u00e9rification des cartes pour un petit groupe de travailleurs n\u2019est pas la r\u00e9ponse.<\/p>\n<p>Il y a litt\u00e9ralement des piles d\u2019\u00e9tudes \u00e9conomiques qui d\u00e9montrent qu\u2019un des meilleurs moyens de cr\u00e9er des \u00e9conomies locales plus s\u00fbres est de faciliter la syndicalisation des travailleurs. Et ces m\u00eames \u00e9tudes soulignent \u00e0 maintes reprises comment les provinces dont les taux de syndicalisation sont les plus \u00e9lev\u00e9s ont des \u00e9conomies fortes et un meilleur niveau de vie g\u00e9n\u00e9ral.<\/p>\n<p>Bien que je souligne cette question plus pr\u00e9cis\u00e9ment, ce n\u2019est pas la seule action qui est n\u00e9cessaire. Tel que soulign\u00e9 par les nombreux travailleurs qui ont pris le temps de fournir leurs commentaires dans le cadre de l\u2019examen portant sur l\u2019\u00e9volution des milieux de travail, il y a de nombreux changements progressistes qui sont n\u00e9cessaires et ils sont tous importants pour changer positivement le cours des choses pour les travailleurs de l\u2019Ontario.<\/p>\n<p>En terminant, je sais que vous et tous vos coll\u00e8gues savez pertinemment que mon syndicat a \u00e9t\u00e9 tr\u00e8s critique \u00e0 l\u2019\u00e9gard de d\u00e9cisions politiques prises par votre gouvernement. Ce serait un v\u00e9ritable exploit si je devais me retrouver en position de devoir f\u00e9liciter publiquement votre gouvernement pour avoir fait la bonne chose. Et ne vous m\u00e9prenez pas, si votre gouvernement fait ce que les journaux ont affirm\u00e9 au cours des derniers jours \u00e0 la suite d\u2019une fuite, en plus d\u2019\u00e9tendre l\u2019accr\u00e9ditation par la v\u00e9rification des cartes \u00e0 tous les travailleurs, je serai tout \u00e0 fait heureux de le faire.<\/p>\n<p>Je vous prie d\u2019avoir le courage de vos convictions par rapport \u00e0 ces changements; faites ce que la population de la province demande depuis plus de deux\u00a0ans, modernisez nos lois sur les normes d\u2019emploi et les relations de travail afin de r\u00e9tablir un semblant d\u2019\u00e9quilibre en Ontario. Notre \u00e9conomie en sera plus forte et notre avenir collectif meilleur.<\/p>\n<p>Je vous prie d\u2019accepter, Madame la premi\u00e8re ministre, l\u2019expression de mes sentiments distingu\u00e9s.<\/p>\n<p>&nbsp;<\/p>\n<p>&nbsp;<\/p>\n<p>Le pr\u00e9sident du SCFP-Ontario,<\/p>\n<p>&nbsp;<\/p>\n<p>&nbsp;<\/p>\n<p>&nbsp;<\/p>\n<p>&nbsp;<\/p>\n<p>Fred Hahn<\/p>\n<p>cc\u00a0: ministres du cabinet A.\u00a0Bevan, L.\u00a0Aagaard, R.\u00a0Bornmann, D.\u00a0Araneda, H.\u00a0Bender, C.\u00a0Taglione, D.\u00a0Davidson et S.\u00a0Andrey<\/p>\n","protected":false},"excerpt":{"rendered":"<p>16\u00a0mai\u00a02017 Madame la premi\u00e8re ministre\u00a0Wynne, Je vous \u00e9cris relativement \u00e0 des articles parus dans la presse au cours de la fin de semaine quant \u00e0 des changements imminents \u00e0 la Loi sur les relations de travail et \u00e0 la Loi sur les normes d\u2019emploi, y compris la possible augmentation du salaire minimum \u00e0 15\u00a0$ l\u2019heure.&hellip;<\/p>\n","protected":false},"author":12,"featured_media":26092,"comment_status":"closed","ping_status":"open","sticky":false,"template":"","format":"standard","meta":{"_acf_changed":false,"footnotes":""},"categories":[194],"tags":[],"class_list":["post-26091","post","type-post","status-publish","format-standard","has-post-thumbnail","hentry","category-gouvernemental","category-194","description-off"],"acf":[],"yoast_head":"<!-- This site is optimized with the Yoast SEO plugin v28.3 - https:\/\/yoast.com\/product\/yoast-seo-wordpress\/ -->\n<title>Fred Hahn demande \u00e0 la premi\u00e8re ministre de d\u00e9fendre les travailleurs \u2013 non pas de c\u00e9der aux pressions de Bay Street - SCFP-Ontario<\/title>\n<meta name=\"robots\" content=\"index, follow, max-snippet:-1, max-image-preview:large, max-video-preview:-1\" \/>\n<link rel=\"canonical\" href=\"https:\/\/cupe.on.ca\/fr\/fred-hahn-demande-a-la-premiere-ministre-de-defendre-les-travailleurs-non-pas-de-ceder-aux-pressions-de-bay-street\/\" \/>\n<meta property=\"og:locale\" content=\"fr_FR\" \/>\n<meta property=\"og:type\" content=\"article\" \/>\n<meta property=\"og:title\" content=\"Fred Hahn demande \u00e0 la premi\u00e8re ministre de d\u00e9fendre les travailleurs \u2013 non pas de c\u00e9der aux pressions de Bay Street - SCFP-Ontario\" \/>\n<meta property=\"og:description\" content=\"16\u00a0mai\u00a02017 Madame la premi\u00e8re ministre\u00a0Wynne, Je vous \u00e9cris relativement \u00e0 des articles parus dans la presse au cours de la fin de semaine quant \u00e0 des changements imminents \u00e0 la Loi sur les relations de travail et \u00e0 la Loi sur les normes d\u2019emploi, y compris la possible augmentation du salaire minimum \u00e0 15\u00a0$ l\u2019heure.&hellip;\" \/>\n<meta property=\"og:url\" content=\"https:\/\/cupe.on.ca\/fr\/fred-hahn-demande-a-la-premiere-ministre-de-defendre-les-travailleurs-non-pas-de-ceder-aux-pressions-de-bay-street\/\" \/>\n<meta property=\"og:site_name\" content=\"SCFP-Ontario\" \/>\n<meta property=\"article:publisher\" content=\"https:\/\/facebook.com\/CUPEOntario\" \/>\n<meta property=\"article:published_time\" content=\"2017-05-17T23:15:27+00:00\" \/>\n<meta property=\"article:modified_time\" content=\"2017-05-22T19:02:18+00:00\" \/>\n<meta property=\"og:image\" content=\"https:\/\/cupe.on.ca\/wp-content\/uploads\/2017\/05\/30062406546_363f4550ca_o-1024x683.jpg\" \/>\n\t<meta property=\"og:image:width\" content=\"1024\" \/>\n\t<meta property=\"og:image:height\" content=\"683\" \/>\n\t<meta property=\"og:image:type\" content=\"image\/jpeg\" \/>\n<meta name=\"author\" content=\"Liam Bedard\" \/>\n<meta name=\"twitter:card\" content=\"summary_large_image\" \/>\n<meta name=\"twitter:creator\" content=\"@CUPEOntario\" \/>\n<meta name=\"twitter:site\" content=\"@CUPEOntario\" \/>\n<script type=\"application\/ld+json\" class=\"yoast-schema-graph\">{\"@context\":\"https:\\\/\\\/schema.org\",\"@graph\":[{\"@type\":\"Article\",\"@id\":\"https:\\\/\\\/cupe.on.ca\\\/fr\\\/fred-hahn-demande-a-la-premiere-ministre-de-defendre-les-travailleurs-non-pas-de-ceder-aux-pressions-de-bay-street\\\/#article\",\"isPartOf\":{\"@id\":\"https:\\\/\\\/cupe.on.ca\\\/fr\\\/fred-hahn-demande-a-la-premiere-ministre-de-defendre-les-travailleurs-non-pas-de-ceder-aux-pressions-de-bay-street\\\/\"},\"author\":{\"name\":\"Liam Bedard\",\"@id\":\"https:\\\/\\\/cupe.on.ca\\\/fr\\\/#\\\/schema\\\/person\\\/bc25f17c52f8823bd9e71e25c2438083\"},\"headline\":\"Fred Hahn demande \u00e0 la premi\u00e8re ministre de d\u00e9fendre les travailleurs \u2013 non pas de c\u00e9der aux pressions de Bay Street\",\"datePublished\":\"2017-05-17T23:15:27+00:00\",\"dateModified\":\"2017-05-22T19:02:18+00:00\",\"mainEntityOfPage\":{\"@id\":\"https:\\\/\\\/cupe.on.ca\\\/fr\\\/fred-hahn-demande-a-la-premiere-ministre-de-defendre-les-travailleurs-non-pas-de-ceder-aux-pressions-de-bay-street\\\/\"},\"wordCount\":920,\"image\":{\"@id\":\"https:\\\/\\\/cupe.on.ca\\\/fr\\\/fred-hahn-demande-a-la-premiere-ministre-de-defendre-les-travailleurs-non-pas-de-ceder-aux-pressions-de-bay-street\\\/#primaryimage\"},\"thumbnailUrl\":\"https:\\\/\\\/cupe.on.ca\\\/wp-content\\\/uploads\\\/2017\\\/05\\\/30062406546_363f4550ca_o.jpg\",\"articleSection\":[\"Gouvernemental\"],\"inLanguage\":\"fr-FR\"},{\"@type\":\"WebPage\",\"@id\":\"https:\\\/\\\/cupe.on.ca\\\/fr\\\/fred-hahn-demande-a-la-premiere-ministre-de-defendre-les-travailleurs-non-pas-de-ceder-aux-pressions-de-bay-street\\\/\",\"url\":\"https:\\\/\\\/cupe.on.ca\\\/fr\\\/fred-hahn-demande-a-la-premiere-ministre-de-defendre-les-travailleurs-non-pas-de-ceder-aux-pressions-de-bay-street\\\/\",\"name\":\"Fred Hahn demande \u00e0 la premi\u00e8re ministre de d\u00e9fendre les travailleurs \u2013 non pas de c\u00e9der aux pressions de Bay Street - SCFP-Ontario\",\"isPartOf\":{\"@id\":\"https:\\\/\\\/cupe.on.ca\\\/fr\\\/#website\"},\"primaryImageOfPage\":{\"@id\":\"https:\\\/\\\/cupe.on.ca\\\/fr\\\/fred-hahn-demande-a-la-premiere-ministre-de-defendre-les-travailleurs-non-pas-de-ceder-aux-pressions-de-bay-street\\\/#primaryimage\"},\"image\":{\"@id\":\"https:\\\/\\\/cupe.on.ca\\\/fr\\\/fred-hahn-demande-a-la-premiere-ministre-de-defendre-les-travailleurs-non-pas-de-ceder-aux-pressions-de-bay-street\\\/#primaryimage\"},\"thumbnailUrl\":\"https:\\\/\\\/cupe.on.ca\\\/wp-content\\\/uploads\\\/2017\\\/05\\\/30062406546_363f4550ca_o.jpg\",\"datePublished\":\"2017-05-17T23:15:27+00:00\",\"dateModified\":\"2017-05-22T19:02:18+00:00\",\"author\":{\"@id\":\"https:\\\/\\\/cupe.on.ca\\\/fr\\\/#\\\/schema\\\/person\\\/bc25f17c52f8823bd9e71e25c2438083\"},\"breadcrumb\":{\"@id\":\"https:\\\/\\\/cupe.on.ca\\\/fr\\\/fred-hahn-demande-a-la-premiere-ministre-de-defendre-les-travailleurs-non-pas-de-ceder-aux-pressions-de-bay-street\\\/#breadcrumb\"},\"inLanguage\":\"fr-FR\",\"potentialAction\":[{\"@type\":\"ReadAction\",\"target\":[\"https:\\\/\\\/cupe.on.ca\\\/fr\\\/fred-hahn-demande-a-la-premiere-ministre-de-defendre-les-travailleurs-non-pas-de-ceder-aux-pressions-de-bay-street\\\/\"]}]},{\"@type\":\"ImageObject\",\"inLanguage\":\"fr-FR\",\"@id\":\"https:\\\/\\\/cupe.on.ca\\\/fr\\\/fred-hahn-demande-a-la-premiere-ministre-de-defendre-les-travailleurs-non-pas-de-ceder-aux-pressions-de-bay-street\\\/#primaryimage\",\"url\":\"https:\\\/\\\/cupe.on.ca\\\/wp-content\\\/uploads\\\/2017\\\/05\\\/30062406546_363f4550ca_o.jpg\",\"contentUrl\":\"https:\\\/\\\/cupe.on.ca\\\/wp-content\\\/uploads\\\/2017\\\/05\\\/30062406546_363f4550ca_o.jpg\",\"width\":4752,\"height\":3168},{\"@type\":\"BreadcrumbList\",\"@id\":\"https:\\\/\\\/cupe.on.ca\\\/fr\\\/fred-hahn-demande-a-la-premiere-ministre-de-defendre-les-travailleurs-non-pas-de-ceder-aux-pressions-de-bay-street\\\/#breadcrumb\",\"itemListElement\":[{\"@type\":\"ListItem\",\"position\":1,\"name\":\"Home\",\"item\":\"https:\\\/\\\/cupe.on.ca\\\/fr\\\/\"},{\"@type\":\"ListItem\",\"position\":2,\"name\":\"Fred Hahn demande \u00e0 la premi\u00e8re ministre de d\u00e9fendre les travailleurs \u2013 non pas de c\u00e9der aux pressions de Bay Street\"}]},{\"@type\":\"WebSite\",\"@id\":\"https:\\\/\\\/cupe.on.ca\\\/fr\\\/#website\",\"url\":\"https:\\\/\\\/cupe.on.ca\\\/fr\\\/\",\"name\":\"SCFP-Ontario\",\"description\":\"B\u00e2tir Un Ontario Meilleur\",\"potentialAction\":[{\"@type\":\"SearchAction\",\"target\":{\"@type\":\"EntryPoint\",\"urlTemplate\":\"https:\\\/\\\/cupe.on.ca\\\/fr\\\/?s={search_term_string}\"},\"query-input\":{\"@type\":\"PropertyValueSpecification\",\"valueRequired\":true,\"valueName\":\"search_term_string\"}}],\"inLanguage\":\"fr-FR\"},{\"@type\":\"Person\",\"@id\":\"https:\\\/\\\/cupe.on.ca\\\/fr\\\/#\\\/schema\\\/person\\\/bc25f17c52f8823bd9e71e25c2438083\",\"name\":\"Liam Bedard\",\"url\":\"https:\\\/\\\/cupe.on.ca\\\/fr\\\/author\\\/lbedardcupe-on-ca\\\/\"}]}<\/script>\n<!-- \/ Yoast SEO plugin. -->","yoast_head_json":{"title":"Fred Hahn demande \u00e0 la premi\u00e8re ministre de d\u00e9fendre les travailleurs \u2013 non pas de c\u00e9der aux pressions de Bay Street - SCFP-Ontario","robots":{"index":"index","follow":"follow","max-snippet":"max-snippet:-1","max-image-preview":"max-image-preview:large","max-video-preview":"max-video-preview:-1"},"canonical":"https:\/\/cupe.on.ca\/fr\/fred-hahn-demande-a-la-premiere-ministre-de-defendre-les-travailleurs-non-pas-de-ceder-aux-pressions-de-bay-street\/","og_locale":"fr_FR","og_type":"article","og_title":"Fred Hahn demande \u00e0 la premi\u00e8re ministre de d\u00e9fendre les travailleurs \u2013 non pas de c\u00e9der aux pressions de Bay Street - SCFP-Ontario","og_description":"16\u00a0mai\u00a02017 Madame la premi\u00e8re ministre\u00a0Wynne, Je vous \u00e9cris relativement \u00e0 des articles parus dans la presse au cours de la fin de semaine quant \u00e0 des changements imminents \u00e0 la Loi sur les relations de travail et \u00e0 la Loi sur les normes d\u2019emploi, y compris la possible augmentation du salaire minimum \u00e0 15\u00a0$ l\u2019heure.&hellip;","og_url":"https:\/\/cupe.on.ca\/fr\/fred-hahn-demande-a-la-premiere-ministre-de-defendre-les-travailleurs-non-pas-de-ceder-aux-pressions-de-bay-street\/","og_site_name":"SCFP-Ontario","article_publisher":"https:\/\/facebook.com\/CUPEOntario","article_published_time":"2017-05-17T23:15:27+00:00","article_modified_time":"2017-05-22T19:02:18+00:00","og_image":[{"width":1024,"height":683,"url":"https:\/\/cupe.on.ca\/wp-content\/uploads\/2017\/05\/30062406546_363f4550ca_o-1024x683.jpg","type":"image\/jpeg"}],"author":"Liam Bedard","twitter_card":"summary_large_image","twitter_creator":"@CUPEOntario","twitter_site":"@CUPEOntario","schema":{"@context":"https:\/\/schema.org","@graph":[{"@type":"Article","@id":"https:\/\/cupe.on.ca\/fr\/fred-hahn-demande-a-la-premiere-ministre-de-defendre-les-travailleurs-non-pas-de-ceder-aux-pressions-de-bay-street\/#article","isPartOf":{"@id":"https:\/\/cupe.on.ca\/fr\/fred-hahn-demande-a-la-premiere-ministre-de-defendre-les-travailleurs-non-pas-de-ceder-aux-pressions-de-bay-street\/"},"author":{"name":"Liam Bedard","@id":"https:\/\/cupe.on.ca\/fr\/#\/schema\/person\/bc25f17c52f8823bd9e71e25c2438083"},"headline":"Fred Hahn demande \u00e0 la premi\u00e8re ministre de d\u00e9fendre les travailleurs \u2013 non pas de c\u00e9der aux pressions de Bay Street","datePublished":"2017-05-17T23:15:27+00:00","dateModified":"2017-05-22T19:02:18+00:00","mainEntityOfPage":{"@id":"https:\/\/cupe.on.ca\/fr\/fred-hahn-demande-a-la-premiere-ministre-de-defendre-les-travailleurs-non-pas-de-ceder-aux-pressions-de-bay-street\/"},"wordCount":920,"image":{"@id":"https:\/\/cupe.on.ca\/fr\/fred-hahn-demande-a-la-premiere-ministre-de-defendre-les-travailleurs-non-pas-de-ceder-aux-pressions-de-bay-street\/#primaryimage"},"thumbnailUrl":"https:\/\/cupe.on.ca\/wp-content\/uploads\/2017\/05\/30062406546_363f4550ca_o.jpg","articleSection":["Gouvernemental"],"inLanguage":"fr-FR"},{"@type":"WebPage","@id":"https:\/\/cupe.on.ca\/fr\/fred-hahn-demande-a-la-premiere-ministre-de-defendre-les-travailleurs-non-pas-de-ceder-aux-pressions-de-bay-street\/","url":"https:\/\/cupe.on.ca\/fr\/fred-hahn-demande-a-la-premiere-ministre-de-defendre-les-travailleurs-non-pas-de-ceder-aux-pressions-de-bay-street\/","name":"Fred Hahn demande \u00e0 la premi\u00e8re ministre de d\u00e9fendre les travailleurs \u2013 non pas de c\u00e9der aux pressions de Bay Street - SCFP-Ontario","isPartOf":{"@id":"https:\/\/cupe.on.ca\/fr\/#website"},"primaryImageOfPage":{"@id":"https:\/\/cupe.on.ca\/fr\/fred-hahn-demande-a-la-premiere-ministre-de-defendre-les-travailleurs-non-pas-de-ceder-aux-pressions-de-bay-street\/#primaryimage"},"image":{"@id":"https:\/\/cupe.on.ca\/fr\/fred-hahn-demande-a-la-premiere-ministre-de-defendre-les-travailleurs-non-pas-de-ceder-aux-pressions-de-bay-street\/#primaryimage"},"thumbnailUrl":"https:\/\/cupe.on.ca\/wp-content\/uploads\/2017\/05\/30062406546_363f4550ca_o.jpg","datePublished":"2017-05-17T23:15:27+00:00","dateModified":"2017-05-22T19:02:18+00:00","author":{"@id":"https:\/\/cupe.on.ca\/fr\/#\/schema\/person\/bc25f17c52f8823bd9e71e25c2438083"},"breadcrumb":{"@id":"https:\/\/cupe.on.ca\/fr\/fred-hahn-demande-a-la-premiere-ministre-de-defendre-les-travailleurs-non-pas-de-ceder-aux-pressions-de-bay-street\/#breadcrumb"},"inLanguage":"fr-FR","potentialAction":[{"@type":"ReadAction","target":["https:\/\/cupe.on.ca\/fr\/fred-hahn-demande-a-la-premiere-ministre-de-defendre-les-travailleurs-non-pas-de-ceder-aux-pressions-de-bay-street\/"]}]},{"@type":"ImageObject","inLanguage":"fr-FR","@id":"https:\/\/cupe.on.ca\/fr\/fred-hahn-demande-a-la-premiere-ministre-de-defendre-les-travailleurs-non-pas-de-ceder-aux-pressions-de-bay-street\/#primaryimage","url":"https:\/\/cupe.on.ca\/wp-content\/uploads\/2017\/05\/30062406546_363f4550ca_o.jpg","contentUrl":"https:\/\/cupe.on.ca\/wp-content\/uploads\/2017\/05\/30062406546_363f4550ca_o.jpg","width":4752,"height":3168},{"@type":"BreadcrumbList","@id":"https:\/\/cupe.on.ca\/fr\/fred-hahn-demande-a-la-premiere-ministre-de-defendre-les-travailleurs-non-pas-de-ceder-aux-pressions-de-bay-street\/#breadcrumb","itemListElement":[{"@type":"ListItem","position":1,"name":"Home","item":"https:\/\/cupe.on.ca\/fr\/"},{"@type":"ListItem","position":2,"name":"Fred Hahn demande \u00e0 la premi\u00e8re ministre de d\u00e9fendre les travailleurs \u2013 non pas de c\u00e9der aux pressions de Bay Street"}]},{"@type":"WebSite","@id":"https:\/\/cupe.on.ca\/fr\/#website","url":"https:\/\/cupe.on.ca\/fr\/","name":"SCFP-Ontario","description":"B\u00e2tir Un Ontario Meilleur","potentialAction":[{"@type":"SearchAction","target":{"@type":"EntryPoint","urlTemplate":"https:\/\/cupe.on.ca\/fr\/?s={search_term_string}"},"query-input":{"@type":"PropertyValueSpecification","valueRequired":true,"valueName":"search_term_string"}}],"inLanguage":"fr-FR"},{"@type":"Person","@id":"https:\/\/cupe.on.ca\/fr\/#\/schema\/person\/bc25f17c52f8823bd9e71e25c2438083","name":"Liam Bedard","url":"https:\/\/cupe.on.ca\/fr\/author\/lbedardcupe-on-ca\/"}]}},"_links":{"self":[{"href":"https:\/\/cupe.on.ca\/fr\/wp-json\/wp\/v2\/posts\/26091","targetHints":{"allow":["GET"]}}],"collection":[{"href":"https:\/\/cupe.on.ca\/fr\/wp-json\/wp\/v2\/posts"}],"about":[{"href":"https:\/\/cupe.on.ca\/fr\/wp-json\/wp\/v2\/types\/post"}],"author":[{"embeddable":true,"href":"https:\/\/cupe.on.ca\/fr\/wp-json\/wp\/v2\/users\/12"}],"replies":[{"embeddable":true,"href":"https:\/\/cupe.on.ca\/fr\/wp-json\/wp\/v2\/comments?post=26091"}],"version-history":[{"count":0,"href":"https:\/\/cupe.on.ca\/fr\/wp-json\/wp\/v2\/posts\/26091\/revisions"}],"wp:featuredmedia":[{"embeddable":true,"href":"https:\/\/cupe.on.ca\/fr\/wp-json\/wp\/v2\/media\/26092"}],"wp:attachment":[{"href":"https:\/\/cupe.on.ca\/fr\/wp-json\/wp\/v2\/media?parent=26091"}],"wp:term":[{"taxonomy":"category","embeddable":true,"href":"https:\/\/cupe.on.ca\/fr\/wp-json\/wp\/v2\/categories?post=26091"},{"taxonomy":"post_tag","embeddable":true,"href":"https:\/\/cupe.on.ca\/fr\/wp-json\/wp\/v2\/tags?post=26091"}],"curies":[{"name":"wp","href":"https:\/\/api.w.org\/{rel}","templated":true}]}}