





{"id":25877,"date":"2017-05-01T12:17:47","date_gmt":"2017-05-01T16:17:47","guid":{"rendered":"https:\/\/cupeon201807.wpengine.com\/need-mpps-help-end-violence-health-care-staff-say-nurses-queens-park-tuesday-looking-party-support-changes-criminal-code\/"},"modified":"2017-05-02T12:14:18","modified_gmt":"2017-05-02T16:14:18","slug":"nous-avons-besoin-de-laide-des-deputes-provinciaux-pour-mettre-fin-a-la-violence-contre-le-personnel-de-la-sante-declarent-les-infirmieres-a-queens-park-mardi","status":"publish","type":"post","link":"https:\/\/cupe.on.ca\/fr\/nous-avons-besoin-de-laide-des-deputes-provinciaux-pour-mettre-fin-a-la-violence-contre-le-personnel-de-la-sante-declarent-les-infirmieres-a-queens-park-mardi\/","title":{"rendered":"\u00ab Nous avons besoin de l&rsquo;aide des d\u00e9put\u00e9s provinciaux pour mettre fin \u00e0 la violence contre le personnel de la sant\u00e9 \u00bb, d\u00e9clarent les infirmi\u00e8res \u00e0 Queen&rsquo;s Park, mardi"},"content":{"rendered":"<p><strong>TORONTO (ONTARIO)<\/strong> \u2014 Chaque ann\u00e9e, une infirmi\u00e8re sur deux est victime de violentes agressions. Deux infirmi\u00e8res de l\u2019Ontario sont \u00e0 une conf\u00e9rence de presse \u00e0 Queen\u2019s Park aujourd\u2019hui (mardi 2 mai 2017, \u00e0\u00a09 h 30) \u00e0 la recherche d\u2019appui de tous les partis pour une motion demandant au gouvernement f\u00e9d\u00e9ral de modifier le Code criminel afin que les gestes de violence envers le personnel de la sant\u00e9 soient consid\u00e9r\u00e9s comme des infractions plus\u00a0graves.<\/p>\n<p>Avant les c\u00e9l\u00e9brations de la Semaine des soins infirmiers, la semaine prochaine, Maggie Jewell infirmi\u00e8re auxiliaire autoris\u00e9e de Lindsay et Sandra Hillcoat, infirmi\u00e8re auxiliaire autoris\u00e9e de Kitchener, ont indiqu\u00e9 qu\u2019elles recherchent plus que des distinctions et des d\u00e9clarations lues au parlement au sujet du d\u00e9vouement, des comp\u00e9tences et de la compassion des\u00a0infirmi\u00e8res.<\/p>\n<p>Elles veulent que les d\u00e9put\u00e9s provinciaux des trois partis politiques prennent la peine d\u2019examiner le probl\u00e8me g\u00e9n\u00e9ralis\u00e9 et syst\u00e9matique que doivent affronter les infirmi\u00e8res et les autres membres du personnel de la sant\u00e9 au travail\u00a0: la violence des patients et des membres de leur famille. Les infirmi\u00e8res ont affirm\u00e9 qu\u2019un lieu de travail du secteur de la sant\u00e9 qui est dangereux pour le personnel est aussi dangereux pour les\u00a0patients.<\/p>\n<p>\u00c0 la conf\u00e9rence de presse de mardi, Maggie Jewel et Sandra Hillcoat passeront en revue la modification au Code criminel f\u00e9d\u00e9ral qu\u2019elles souhaitent faire appuyer par tous les d\u00e9put\u00e9s de l\u2019Ontario, quelle que soit leur affiliation politique. Katha Fortier, adjointe au pr\u00e9sident d\u2019<span class=\"caps\">UNIFOR<\/span>, et Michael Hurley, pr\u00e9sident du Conseil des syndicats d\u2019h\u00f4pitaux de l\u2019Ontario (<span class=\"caps\">CSHO<\/span>\/<span class=\"caps\">SCFP<\/span>) se joindront \u00e0 elles dans la salle des m\u00e9dias de Queen\u2019s\u00a0Park.<\/p>\n<p>Unifor est le plus important syndicat du secteur priv\u00e9, avec 310\u00a0000 membres. Le Syndicat canadien de la fonction publique (<span class=\"caps\">SCFP<\/span>) est le plus grand syndicat du secteur public au Canada, avec 640\u00a0000 membres. Le <span class=\"caps\">CSHO<\/span> est la division des h\u00f4pitaux de l\u2019Ontario du <span class=\"caps\">SCFP<\/span>. Ensemble, ils repr\u00e9sentent plus de 100\u00a0000 employ\u00e9s du secteur de la sant\u00e9 en\u00a0Ontario.<\/p>\n<p>&nbsp;<\/p>\n<p>-30-<\/p>\n<p>&nbsp;<\/p>\n<p>Pour obtenir des renseignements suppl\u00e9mentaires, veuillez communiquer avec :<\/p>\n<p>&nbsp;<\/p>\n<p>Stella Yeadon, Service des communications du SCFP, au 416-559-9300<\/p>\n","protected":false},"excerpt":{"rendered":"<p>TORONTO (ONTARIO) \u2014 Chaque ann\u00e9e, une infirmi\u00e8re sur deux est victime de violentes agressions. Deux infirmi\u00e8res de l\u2019Ontario sont \u00e0 une conf\u00e9rence de presse \u00e0 Queen\u2019s Park aujourd\u2019hui (mardi 2 mai 2017, \u00e0\u00a09 h 30) \u00e0 la recherche d\u2019appui de tous les partis pour une motion demandant au gouvernement f\u00e9d\u00e9ral de modifier le Code criminel&hellip;<\/p>\n","protected":false},"author":1,"featured_media":0,"comment_status":"closed","ping_status":"open","sticky":false,"template":"","format":"standard","meta":{"_acf_changed":false,"footnotes":""},"categories":[195],"tags":[],"class_list":["post-25877","post","type-post","status-publish","format-standard","hentry","category-soins-de-sante","category-195","description-off"],"acf":[],"yoast_head":"<!-- This site is optimized with the Yoast SEO plugin v28.3 - https:\/\/yoast.com\/product\/yoast-seo-wordpress\/ -->\n<title>\u00ab Nous avons besoin de l&#039;aide des d\u00e9put\u00e9s provinciaux pour mettre fin \u00e0 la violence contre le personnel de la sant\u00e9 \u00bb, d\u00e9clarent les infirmi\u00e8res \u00e0 Queen&#039;s Park, mardi - SCFP-Ontario<\/title>\n<meta name=\"robots\" content=\"index, follow, max-snippet:-1, max-image-preview:large, max-video-preview:-1\" \/>\n<link rel=\"canonical\" href=\"https:\/\/cupe.on.ca\/fr\/nous-avons-besoin-de-laide-des-deputes-provinciaux-pour-mettre-fin-a-la-violence-contre-le-personnel-de-la-sante-declarent-les-infirmieres-a-queens-park-mardi\/\" \/>\n<meta property=\"og:locale\" content=\"fr_FR\" \/>\n<meta property=\"og:type\" content=\"article\" \/>\n<meta property=\"og:title\" content=\"\u00ab Nous avons besoin de l&#039;aide des d\u00e9put\u00e9s provinciaux pour mettre fin \u00e0 la violence contre le personnel de la sant\u00e9 \u00bb, d\u00e9clarent les infirmi\u00e8res \u00e0 Queen&#039;s Park, mardi - SCFP-Ontario\" \/>\n<meta property=\"og:description\" content=\"TORONTO (ONTARIO) \u2014 Chaque ann\u00e9e, une infirmi\u00e8re sur deux est victime de violentes agressions. Deux infirmi\u00e8res de l\u2019Ontario sont \u00e0 une conf\u00e9rence de presse \u00e0 Queen\u2019s Park aujourd\u2019hui (mardi 2 mai 2017, \u00e0\u00a09 h 30) \u00e0 la recherche d\u2019appui de tous les partis pour une motion demandant au gouvernement f\u00e9d\u00e9ral de modifier le Code criminel&hellip;\" \/>\n<meta property=\"og:url\" content=\"https:\/\/cupe.on.ca\/fr\/nous-avons-besoin-de-laide-des-deputes-provinciaux-pour-mettre-fin-a-la-violence-contre-le-personnel-de-la-sante-declarent-les-infirmieres-a-queens-park-mardi\/\" \/>\n<meta property=\"og:site_name\" content=\"SCFP-Ontario\" \/>\n<meta property=\"article:publisher\" content=\"https:\/\/facebook.com\/CUPEOntario\" \/>\n<meta property=\"article:published_time\" content=\"2017-05-01T16:17:47+00:00\" \/>\n<meta property=\"article:modified_time\" content=\"2017-05-02T16:14:18+00:00\" \/>\n<meta property=\"og:image\" content=\"https:\/\/cupe.on.ca\/wp-content\/uploads\/2020\/09\/cupetwitter2.jpg\" \/>\n\t<meta property=\"og:image:width\" content=\"1200\" \/>\n\t<meta property=\"og:image:height\" content=\"630\" \/>\n\t<meta property=\"og:image:type\" content=\"image\/jpeg\" \/>\n<meta name=\"author\" content=\"ddadgari\" \/>\n<meta name=\"twitter:card\" content=\"summary_large_image\" \/>\n<meta name=\"twitter:creator\" content=\"@CUPEOntario\" \/>\n<meta name=\"twitter:site\" content=\"@CUPEOntario\" \/>\n<script type=\"application\/ld+json\" class=\"yoast-schema-graph\">{\"@context\":\"https:\\\/\\\/schema.org\",\"@graph\":[{\"@type\":\"Article\",\"@id\":\"https:\\\/\\\/cupe.on.ca\\\/fr\\\/nous-avons-besoin-de-laide-des-deputes-provinciaux-pour-mettre-fin-a-la-violence-contre-le-personnel-de-la-sante-declarent-les-infirmieres-a-queens-park-mardi\\\/#article\",\"isPartOf\":{\"@id\":\"https:\\\/\\\/cupe.on.ca\\\/fr\\\/nous-avons-besoin-de-laide-des-deputes-provinciaux-pour-mettre-fin-a-la-violence-contre-le-personnel-de-la-sante-declarent-les-infirmieres-a-queens-park-mardi\\\/\"},\"author\":{\"name\":\"ddadgari\",\"@id\":\"https:\\\/\\\/cupe.on.ca\\\/fr\\\/#\\\/schema\\\/person\\\/d0af3f5ce767802953355c84a627c563\"},\"headline\":\"\u00ab Nous avons besoin de l&rsquo;aide des d\u00e9put\u00e9s provinciaux pour mettre fin \u00e0 la violence contre le personnel de la sant\u00e9 \u00bb, d\u00e9clarent les infirmi\u00e8res \u00e0 Queen&rsquo;s Park, mardi\",\"datePublished\":\"2017-05-01T16:17:47+00:00\",\"dateModified\":\"2017-05-02T16:14:18+00:00\",\"mainEntityOfPage\":{\"@id\":\"https:\\\/\\\/cupe.on.ca\\\/fr\\\/nous-avons-besoin-de-laide-des-deputes-provinciaux-pour-mettre-fin-a-la-violence-contre-le-personnel-de-la-sante-declarent-les-infirmieres-a-queens-park-mardi\\\/\"},\"wordCount\":415,\"articleSection\":[\"Soins de sant\u00e9\"],\"inLanguage\":\"fr-FR\"},{\"@type\":\"WebPage\",\"@id\":\"https:\\\/\\\/cupe.on.ca\\\/fr\\\/nous-avons-besoin-de-laide-des-deputes-provinciaux-pour-mettre-fin-a-la-violence-contre-le-personnel-de-la-sante-declarent-les-infirmieres-a-queens-park-mardi\\\/\",\"url\":\"https:\\\/\\\/cupe.on.ca\\\/fr\\\/nous-avons-besoin-de-laide-des-deputes-provinciaux-pour-mettre-fin-a-la-violence-contre-le-personnel-de-la-sante-declarent-les-infirmieres-a-queens-park-mardi\\\/\",\"name\":\"\u00ab Nous avons besoin de l'aide des d\u00e9put\u00e9s provinciaux pour mettre fin \u00e0 la violence contre le personnel de la sant\u00e9 \u00bb, d\u00e9clarent les infirmi\u00e8res \u00e0 Queen's Park, mardi - SCFP-Ontario\",\"isPartOf\":{\"@id\":\"https:\\\/\\\/cupe.on.ca\\\/fr\\\/#website\"},\"datePublished\":\"2017-05-01T16:17:47+00:00\",\"dateModified\":\"2017-05-02T16:14:18+00:00\",\"author\":{\"@id\":\"https:\\\/\\\/cupe.on.ca\\\/fr\\\/#\\\/schema\\\/person\\\/d0af3f5ce767802953355c84a627c563\"},\"breadcrumb\":{\"@id\":\"https:\\\/\\\/cupe.on.ca\\\/fr\\\/nous-avons-besoin-de-laide-des-deputes-provinciaux-pour-mettre-fin-a-la-violence-contre-le-personnel-de-la-sante-declarent-les-infirmieres-a-queens-park-mardi\\\/#breadcrumb\"},\"inLanguage\":\"fr-FR\",\"potentialAction\":[{\"@type\":\"ReadAction\",\"target\":[\"https:\\\/\\\/cupe.on.ca\\\/fr\\\/nous-avons-besoin-de-laide-des-deputes-provinciaux-pour-mettre-fin-a-la-violence-contre-le-personnel-de-la-sante-declarent-les-infirmieres-a-queens-park-mardi\\\/\"]}]},{\"@type\":\"BreadcrumbList\",\"@id\":\"https:\\\/\\\/cupe.on.ca\\\/fr\\\/nous-avons-besoin-de-laide-des-deputes-provinciaux-pour-mettre-fin-a-la-violence-contre-le-personnel-de-la-sante-declarent-les-infirmieres-a-queens-park-mardi\\\/#breadcrumb\",\"itemListElement\":[{\"@type\":\"ListItem\",\"position\":1,\"name\":\"Home\",\"item\":\"https:\\\/\\\/cupe.on.ca\\\/fr\\\/\"},{\"@type\":\"ListItem\",\"position\":2,\"name\":\"\u00ab Nous avons besoin de l&rsquo;aide des d\u00e9put\u00e9s provinciaux pour mettre fin \u00e0 la violence contre le personnel de la sant\u00e9 \u00bb, d\u00e9clarent les infirmi\u00e8res \u00e0 Queen&rsquo;s Park, mardi\"}]},{\"@type\":\"WebSite\",\"@id\":\"https:\\\/\\\/cupe.on.ca\\\/fr\\\/#website\",\"url\":\"https:\\\/\\\/cupe.on.ca\\\/fr\\\/\",\"name\":\"SCFP-Ontario\",\"description\":\"B\u00e2tir Un Ontario Meilleur\",\"potentialAction\":[{\"@type\":\"SearchAction\",\"target\":{\"@type\":\"EntryPoint\",\"urlTemplate\":\"https:\\\/\\\/cupe.on.ca\\\/fr\\\/?s={search_term_string}\"},\"query-input\":{\"@type\":\"PropertyValueSpecification\",\"valueRequired\":true,\"valueName\":\"search_term_string\"}}],\"inLanguage\":\"fr-FR\"},{\"@type\":\"Person\",\"@id\":\"https:\\\/\\\/cupe.on.ca\\\/fr\\\/#\\\/schema\\\/person\\\/d0af3f5ce767802953355c84a627c563\",\"name\":\"ddadgari\",\"url\":\"https:\\\/\\\/cupe.on.ca\\\/fr\\\/author\\\/ddadgari\\\/\"}]}<\/script>\n<!-- \/ Yoast SEO plugin. -->","yoast_head_json":{"title":"\u00ab Nous avons besoin de l'aide des d\u00e9put\u00e9s provinciaux pour mettre fin \u00e0 la violence contre le personnel de la sant\u00e9 \u00bb, d\u00e9clarent les infirmi\u00e8res \u00e0 Queen's Park, mardi - SCFP-Ontario","robots":{"index":"index","follow":"follow","max-snippet":"max-snippet:-1","max-image-preview":"max-image-preview:large","max-video-preview":"max-video-preview:-1"},"canonical":"https:\/\/cupe.on.ca\/fr\/nous-avons-besoin-de-laide-des-deputes-provinciaux-pour-mettre-fin-a-la-violence-contre-le-personnel-de-la-sante-declarent-les-infirmieres-a-queens-park-mardi\/","og_locale":"fr_FR","og_type":"article","og_title":"\u00ab Nous avons besoin de l'aide des d\u00e9put\u00e9s provinciaux pour mettre fin \u00e0 la violence contre le personnel de la sant\u00e9 \u00bb, d\u00e9clarent les infirmi\u00e8res \u00e0 Queen's Park, mardi - SCFP-Ontario","og_description":"TORONTO (ONTARIO) \u2014 Chaque ann\u00e9e, une infirmi\u00e8re sur deux est victime de violentes agressions. Deux infirmi\u00e8res de l\u2019Ontario sont \u00e0 une conf\u00e9rence de presse \u00e0 Queen\u2019s Park aujourd\u2019hui (mardi 2 mai 2017, \u00e0\u00a09 h 30) \u00e0 la recherche d\u2019appui de tous les partis pour une motion demandant au gouvernement f\u00e9d\u00e9ral de modifier le Code criminel&hellip;","og_url":"https:\/\/cupe.on.ca\/fr\/nous-avons-besoin-de-laide-des-deputes-provinciaux-pour-mettre-fin-a-la-violence-contre-le-personnel-de-la-sante-declarent-les-infirmieres-a-queens-park-mardi\/","og_site_name":"SCFP-Ontario","article_publisher":"https:\/\/facebook.com\/CUPEOntario","article_published_time":"2017-05-01T16:17:47+00:00","article_modified_time":"2017-05-02T16:14:18+00:00","og_image":[{"width":1200,"height":630,"url":"https:\/\/cupe.on.ca\/wp-content\/uploads\/2020\/09\/cupetwitter2.jpg","type":"image\/jpeg"}],"author":"ddadgari","twitter_card":"summary_large_image","twitter_creator":"@CUPEOntario","twitter_site":"@CUPEOntario","schema":{"@context":"https:\/\/schema.org","@graph":[{"@type":"Article","@id":"https:\/\/cupe.on.ca\/fr\/nous-avons-besoin-de-laide-des-deputes-provinciaux-pour-mettre-fin-a-la-violence-contre-le-personnel-de-la-sante-declarent-les-infirmieres-a-queens-park-mardi\/#article","isPartOf":{"@id":"https:\/\/cupe.on.ca\/fr\/nous-avons-besoin-de-laide-des-deputes-provinciaux-pour-mettre-fin-a-la-violence-contre-le-personnel-de-la-sante-declarent-les-infirmieres-a-queens-park-mardi\/"},"author":{"name":"ddadgari","@id":"https:\/\/cupe.on.ca\/fr\/#\/schema\/person\/d0af3f5ce767802953355c84a627c563"},"headline":"\u00ab Nous avons besoin de l&rsquo;aide des d\u00e9put\u00e9s provinciaux pour mettre fin \u00e0 la violence contre le personnel de la sant\u00e9 \u00bb, d\u00e9clarent les infirmi\u00e8res \u00e0 Queen&rsquo;s Park, mardi","datePublished":"2017-05-01T16:17:47+00:00","dateModified":"2017-05-02T16:14:18+00:00","mainEntityOfPage":{"@id":"https:\/\/cupe.on.ca\/fr\/nous-avons-besoin-de-laide-des-deputes-provinciaux-pour-mettre-fin-a-la-violence-contre-le-personnel-de-la-sante-declarent-les-infirmieres-a-queens-park-mardi\/"},"wordCount":415,"articleSection":["Soins de sant\u00e9"],"inLanguage":"fr-FR"},{"@type":"WebPage","@id":"https:\/\/cupe.on.ca\/fr\/nous-avons-besoin-de-laide-des-deputes-provinciaux-pour-mettre-fin-a-la-violence-contre-le-personnel-de-la-sante-declarent-les-infirmieres-a-queens-park-mardi\/","url":"https:\/\/cupe.on.ca\/fr\/nous-avons-besoin-de-laide-des-deputes-provinciaux-pour-mettre-fin-a-la-violence-contre-le-personnel-de-la-sante-declarent-les-infirmieres-a-queens-park-mardi\/","name":"\u00ab Nous avons besoin de l'aide des d\u00e9put\u00e9s provinciaux pour mettre fin \u00e0 la violence contre le personnel de la sant\u00e9 \u00bb, d\u00e9clarent les infirmi\u00e8res \u00e0 Queen's Park, mardi - SCFP-Ontario","isPartOf":{"@id":"https:\/\/cupe.on.ca\/fr\/#website"},"datePublished":"2017-05-01T16:17:47+00:00","dateModified":"2017-05-02T16:14:18+00:00","author":{"@id":"https:\/\/cupe.on.ca\/fr\/#\/schema\/person\/d0af3f5ce767802953355c84a627c563"},"breadcrumb":{"@id":"https:\/\/cupe.on.ca\/fr\/nous-avons-besoin-de-laide-des-deputes-provinciaux-pour-mettre-fin-a-la-violence-contre-le-personnel-de-la-sante-declarent-les-infirmieres-a-queens-park-mardi\/#breadcrumb"},"inLanguage":"fr-FR","potentialAction":[{"@type":"ReadAction","target":["https:\/\/cupe.on.ca\/fr\/nous-avons-besoin-de-laide-des-deputes-provinciaux-pour-mettre-fin-a-la-violence-contre-le-personnel-de-la-sante-declarent-les-infirmieres-a-queens-park-mardi\/"]}]},{"@type":"BreadcrumbList","@id":"https:\/\/cupe.on.ca\/fr\/nous-avons-besoin-de-laide-des-deputes-provinciaux-pour-mettre-fin-a-la-violence-contre-le-personnel-de-la-sante-declarent-les-infirmieres-a-queens-park-mardi\/#breadcrumb","itemListElement":[{"@type":"ListItem","position":1,"name":"Home","item":"https:\/\/cupe.on.ca\/fr\/"},{"@type":"ListItem","position":2,"name":"\u00ab Nous avons besoin de l&rsquo;aide des d\u00e9put\u00e9s provinciaux pour mettre fin \u00e0 la violence contre le personnel de la sant\u00e9 \u00bb, d\u00e9clarent les infirmi\u00e8res \u00e0 Queen&rsquo;s Park, mardi"}]},{"@type":"WebSite","@id":"https:\/\/cupe.on.ca\/fr\/#website","url":"https:\/\/cupe.on.ca\/fr\/","name":"SCFP-Ontario","description":"B\u00e2tir Un Ontario Meilleur","potentialAction":[{"@type":"SearchAction","target":{"@type":"EntryPoint","urlTemplate":"https:\/\/cupe.on.ca\/fr\/?s={search_term_string}"},"query-input":{"@type":"PropertyValueSpecification","valueRequired":true,"valueName":"search_term_string"}}],"inLanguage":"fr-FR"},{"@type":"Person","@id":"https:\/\/cupe.on.ca\/fr\/#\/schema\/person\/d0af3f5ce767802953355c84a627c563","name":"ddadgari","url":"https:\/\/cupe.on.ca\/fr\/author\/ddadgari\/"}]}},"_links":{"self":[{"href":"https:\/\/cupe.on.ca\/fr\/wp-json\/wp\/v2\/posts\/25877","targetHints":{"allow":["GET"]}}],"collection":[{"href":"https:\/\/cupe.on.ca\/fr\/wp-json\/wp\/v2\/posts"}],"about":[{"href":"https:\/\/cupe.on.ca\/fr\/wp-json\/wp\/v2\/types\/post"}],"author":[{"embeddable":true,"href":"https:\/\/cupe.on.ca\/fr\/wp-json\/wp\/v2\/users\/1"}],"replies":[{"embeddable":true,"href":"https:\/\/cupe.on.ca\/fr\/wp-json\/wp\/v2\/comments?post=25877"}],"version-history":[{"count":0,"href":"https:\/\/cupe.on.ca\/fr\/wp-json\/wp\/v2\/posts\/25877\/revisions"}],"wp:attachment":[{"href":"https:\/\/cupe.on.ca\/fr\/wp-json\/wp\/v2\/media?parent=25877"}],"wp:term":[{"taxonomy":"category","embeddable":true,"href":"https:\/\/cupe.on.ca\/fr\/wp-json\/wp\/v2\/categories?post=25877"},{"taxonomy":"post_tag","embeddable":true,"href":"https:\/\/cupe.on.ca\/fr\/wp-json\/wp\/v2\/tags?post=25877"}],"curies":[{"name":"wp","href":"https:\/\/api.w.org\/{rel}","templated":true}]}}