





{"id":22137,"date":"2016-05-05T12:05:19","date_gmt":"2016-05-05T16:05:19","guid":{"rendered":"http:\/\/cupeon201807.wpengine.com\/fr\/?p=22137"},"modified":"2016-05-05T12:05:19","modified_gmt":"2016-05-05T16:05:19","slug":"rassemblement-de-la-fete-des-meres-visant-a-soutenir-le-conge-de-maternite-apres-quune-nouvelle-maman-ait-ete-congediee-par-le-syndicat-des-etudiants-de-luniversite-ryerson","status":"publish","type":"post","link":"https:\/\/cupe.on.ca\/fr\/rassemblement-de-la-fete-des-meres-visant-a-soutenir-le-conge-de-maternite-apres-quune-nouvelle-maman-ait-ete-congediee-par-le-syndicat-des-etudiants-de-luniversite-ryerson\/","title":{"rendered":"Rassemblement de la f\u00eate des M\u00e8res visant \u00e0 soutenir le cong\u00e9 de maternit\u00e9 apr\u00e8s qu\u2019une nouvelle maman ait \u00e9t\u00e9 cong\u00e9di\u00e9e par le Syndicat des \u00e9tudiants de l\u2019Universit\u00e9 Ryerson"},"content":{"rendered":"<p>TORONTO (ONTARIO) \u2013 Les supporteurs de la campagne #IStandWithGilary (J\u2019appuie Gilary) se rassembleront le jour de la f\u00eate des M\u00e8res afin de manifester leur indignation face au cong\u00e9diement ill\u00e9gal, par le Syndicat des \u00e9tudiants de l\u2019Universit\u00e9 Ryerson, d\u2019une m\u00e8re de Toronto qui \u00e9tait en cong\u00e9 de maternit\u00e9.<\/p>\n<p>Gilary Massa a \u00e9t\u00e9 cong\u00e9di\u00e9e du Syndicat des \u00e9tudiants de l\u2019Universit\u00e9 Ryerson le 1er d\u00e9cembre 2015, trois mois apr\u00e8s avoir d\u00e9but\u00e9 son cong\u00e9 de maternit\u00e9. Mme Massa occupait le poste de directrice ex\u00e9cutive des communications et des affaires publiques et elle travaillait pour l\u2019organisation depuis sept ans. Cette d\u00e9cision du Syndicat remet en question la r\u00e9putation de la communaut\u00e9 de l\u2019Universit\u00e9 Ryerson en tant que leader en mati\u00e8re d\u2019\u00e9quit\u00e9 et de diversit\u00e9.<\/p>\n<p>La campagne #IStandWithGilary a \u00e9t\u00e9 lanc\u00e9e par des membres pr\u00e9occup\u00e9s de la collectivit\u00e9 peu apr\u00e8s que Mme Massa ait d\u00e9pos\u00e9 une plainte en mati\u00e8re de droits de la personne contre son employeur, au d\u00e9but mars. \u00ab Aucun employeur ne devrait avoir le droit de cong\u00e9dier une personne en cong\u00e9 de maternit\u00e9 \u00bb, de dire Denise Martins, une organisatrice la campagne #IStandWithGilary. \u00ab Nous avons uni nos forces en tant que travailleurs, parents et \u00e9tudiants pour d\u00e9fendre le droit des femmes \u00e0 une carri\u00e8re et \u00e0 une famille, et pour faire savoir \u00e0 ce mauvais patron que ses actions ne resteront pas inaper\u00e7ues. \u00bb<\/p>\n<p>Dans au moins 178 pays partout dans le monde, le cong\u00e9 de maternit\u00e9 est garanti pour les m\u00e8res qui travaillent. Le Canada est un de ceux-l\u00e0. \u00ab C\u2019est triste de voir qu\u2019en 2016 les Canadiennes doivent se battre pour avoir le droit de s\u2019occuper de leur nouveau-n\u00e9 \u00bb, de dire Saron Gebresellassi, l\u2019avocate de Mme Massa. \u00ab La f\u00eate des M\u00e8res est une occasion d\u2019\u00e9duquer les \u00e9tudiants de l\u2019Universit\u00e9 Ryerson, qui sont les employeurs et les travailleurs de demain, sur l\u2019importance que rev\u00eat le cong\u00e9 de maternit\u00e9 pour assurer des familles fortes et en sant\u00e9 en Ontario. \u00bb<\/p>\n<p>&nbsp;<\/p>\n<p><strong>QUOI\u00a0:<\/strong>\u00a0\u00a0\u00a0\u00a0\u00a0\u00a0\u00a0\u00a0\u00a0\u00a0 Rassemblement de la f\u00eate des M\u00e8res pour d\u00e9fendre le droit au cong\u00e9 de maternit\u00e9<\/p>\n<p><strong>O\u00d9\u00a0:<\/strong> \u00a0\u00a0 \u00a0\u00a0\u00a0\u00a0\u00a0\u00a0\u00a0\u00a0\u00a0\u00a0\u00a0 Du Carr\u00e9 Yonge-Dundas Square vers l\u2019Universit\u00e9 Ryerson<\/p>\n<p><strong>QUI\u00a0:<\/strong> \u00a0\u00a0\u00a0\u00a0\u00a0\u00a0\u00a0\u00a0\u00a0\u00a0\u00a0\u00a0\u00a0 Saron\u00a0Gebresellassi, avocate de Gilary\u00a0Massa, Candace\u00a0Rennick, secr\u00e9taire-tr\u00e9sori\u00e8re du SCFP-Ontario, et des porte-paroles de la campagne seront disponibles pour commentaires<\/p>\n<p><strong>QUAND\u00a0:<\/strong> \u00a0\u00a0\u00a0\u00a0\u00a0 8\u00a0mai\u00a02016<\/p>\n<p><strong>HEURE\u00a0:<\/strong> \u00a0\u00a0\u00a0\u00a0\u00a0 12\u00a0h\u00a000<\/p>\n<p>&nbsp;<\/p>\n<p>Pour obtenir des renseignements, veuillez communiquer avec :<\/p>\n<p>Saron Gebresellassi<br \/>\nAvocate<br \/>\n416-854-6645<br \/>\nsaron@gebrelaw.ca<\/p>\n","protected":false},"excerpt":{"rendered":"<p>TORONTO (ONTARIO) \u2013 Les supporteurs de la campagne #IStandWithGilary (J\u2019appuie Gilary) se rassembleront le jour de la f\u00eate des M\u00e8res afin de manifester leur indignation face au cong\u00e9diement ill\u00e9gal, par le Syndicat des \u00e9tudiants de l\u2019Universit\u00e9 Ryerson, d\u2019une m\u00e8re de Toronto qui \u00e9tait en cong\u00e9 de maternit\u00e9. Gilary Massa a \u00e9t\u00e9 cong\u00e9di\u00e9e du Syndicat des&hellip;<\/p>\n","protected":false},"author":4,"featured_media":22138,"comment_status":"closed","ping_status":"open","sticky":false,"template":"","format":"standard","meta":{"_acf_changed":false,"footnotes":""},"categories":[213],"tags":[],"class_list":["post-22137","post","type-post","status-publish","format-standard","has-post-thumbnail","hentry","category-femmes","category-213","description-off"],"acf":[],"yoast_head":"<!-- This site is optimized with the Yoast SEO plugin v28.3 - https:\/\/yoast.com\/product\/yoast-seo-wordpress\/ -->\n<title>Rassemblement de la f\u00eate des M\u00e8res visant \u00e0 soutenir le cong\u00e9 de maternit\u00e9 apr\u00e8s qu\u2019une nouvelle maman ait \u00e9t\u00e9 cong\u00e9di\u00e9e par le Syndicat des \u00e9tudiants de l\u2019Universit\u00e9 Ryerson - SCFP-Ontario<\/title>\n<meta name=\"robots\" content=\"index, follow, max-snippet:-1, max-image-preview:large, max-video-preview:-1\" \/>\n<link rel=\"canonical\" href=\"https:\/\/cupe.on.ca\/fr\/rassemblement-de-la-fete-des-meres-visant-a-soutenir-le-conge-de-maternite-apres-quune-nouvelle-maman-ait-ete-congediee-par-le-syndicat-des-etudiants-de-luniversite-ryerson\/\" \/>\n<meta property=\"og:locale\" content=\"fr_FR\" \/>\n<meta property=\"og:type\" content=\"article\" \/>\n<meta property=\"og:title\" content=\"Rassemblement de la f\u00eate des M\u00e8res visant \u00e0 soutenir le cong\u00e9 de maternit\u00e9 apr\u00e8s qu\u2019une nouvelle maman ait \u00e9t\u00e9 cong\u00e9di\u00e9e par le Syndicat des \u00e9tudiants de l\u2019Universit\u00e9 Ryerson - SCFP-Ontario\" \/>\n<meta property=\"og:description\" content=\"TORONTO (ONTARIO) \u2013 Les supporteurs de la campagne #IStandWithGilary (J\u2019appuie Gilary) se rassembleront le jour de la f\u00eate des M\u00e8res afin de manifester leur indignation face au cong\u00e9diement ill\u00e9gal, par le Syndicat des \u00e9tudiants de l\u2019Universit\u00e9 Ryerson, d\u2019une m\u00e8re de Toronto qui \u00e9tait en cong\u00e9 de maternit\u00e9. Gilary Massa a \u00e9t\u00e9 cong\u00e9di\u00e9e du Syndicat des&hellip;\" \/>\n<meta property=\"og:url\" content=\"https:\/\/cupe.on.ca\/fr\/rassemblement-de-la-fete-des-meres-visant-a-soutenir-le-conge-de-maternite-apres-quune-nouvelle-maman-ait-ete-congediee-par-le-syndicat-des-etudiants-de-luniversite-ryerson\/\" \/>\n<meta property=\"og:site_name\" content=\"SCFP-Ontario\" \/>\n<meta property=\"article:publisher\" content=\"https:\/\/facebook.com\/CUPEOntario\" \/>\n<meta property=\"article:published_time\" content=\"2016-05-05T16:05:19+00:00\" \/>\n<meta property=\"og:image\" content=\"https:\/\/cupe.on.ca\/wp-content\/uploads\/2016\/05\/2016-05-03-IStandWithGIlary-Anique-J-Jordan-3-1.jpg\" \/>\n\t<meta property=\"og:image:width\" content=\"876\" \/>\n\t<meta property=\"og:image:height\" content=\"458\" \/>\n\t<meta property=\"og:image:type\" content=\"image\/jpeg\" \/>\n<meta name=\"author\" content=\"Patricia Vanderputt\" \/>\n<meta name=\"twitter:card\" content=\"summary_large_image\" \/>\n<meta name=\"twitter:creator\" content=\"@CUPEOntario\" \/>\n<meta name=\"twitter:site\" content=\"@CUPEOntario\" \/>\n<script type=\"application\/ld+json\" class=\"yoast-schema-graph\">{\"@context\":\"https:\\\/\\\/schema.org\",\"@graph\":[{\"@type\":\"Article\",\"@id\":\"https:\\\/\\\/cupe.on.ca\\\/fr\\\/rassemblement-de-la-fete-des-meres-visant-a-soutenir-le-conge-de-maternite-apres-quune-nouvelle-maman-ait-ete-congediee-par-le-syndicat-des-etudiants-de-luniversite-ryerson\\\/#article\",\"isPartOf\":{\"@id\":\"https:\\\/\\\/cupe.on.ca\\\/fr\\\/rassemblement-de-la-fete-des-meres-visant-a-soutenir-le-conge-de-maternite-apres-quune-nouvelle-maman-ait-ete-congediee-par-le-syndicat-des-etudiants-de-luniversite-ryerson\\\/\"},\"author\":{\"name\":\"Patricia Vanderputt\",\"@id\":\"https:\\\/\\\/cupe.on.ca\\\/fr\\\/#\\\/schema\\\/person\\\/f46ca1a735eeed4b908e73f5e0cbce21\"},\"headline\":\"Rassemblement de la f\u00eate des M\u00e8res visant \u00e0 soutenir le cong\u00e9 de maternit\u00e9 apr\u00e8s qu\u2019une nouvelle maman ait \u00e9t\u00e9 cong\u00e9di\u00e9e par le Syndicat des \u00e9tudiants de l\u2019Universit\u00e9 Ryerson\",\"datePublished\":\"2016-05-05T16:05:19+00:00\",\"mainEntityOfPage\":{\"@id\":\"https:\\\/\\\/cupe.on.ca\\\/fr\\\/rassemblement-de-la-fete-des-meres-visant-a-soutenir-le-conge-de-maternite-apres-quune-nouvelle-maman-ait-ete-congediee-par-le-syndicat-des-etudiants-de-luniversite-ryerson\\\/\"},\"wordCount\":455,\"image\":{\"@id\":\"https:\\\/\\\/cupe.on.ca\\\/fr\\\/rassemblement-de-la-fete-des-meres-visant-a-soutenir-le-conge-de-maternite-apres-quune-nouvelle-maman-ait-ete-congediee-par-le-syndicat-des-etudiants-de-luniversite-ryerson\\\/#primaryimage\"},\"thumbnailUrl\":\"https:\\\/\\\/cupe.on.ca\\\/wp-content\\\/uploads\\\/2016\\\/05\\\/2016-05-03-IStandWithGIlary-Anique-J-Jordan-3-1.jpg\",\"articleSection\":[\"Femmes\"],\"inLanguage\":\"fr-FR\"},{\"@type\":\"WebPage\",\"@id\":\"https:\\\/\\\/cupe.on.ca\\\/fr\\\/rassemblement-de-la-fete-des-meres-visant-a-soutenir-le-conge-de-maternite-apres-quune-nouvelle-maman-ait-ete-congediee-par-le-syndicat-des-etudiants-de-luniversite-ryerson\\\/\",\"url\":\"https:\\\/\\\/cupe.on.ca\\\/fr\\\/rassemblement-de-la-fete-des-meres-visant-a-soutenir-le-conge-de-maternite-apres-quune-nouvelle-maman-ait-ete-congediee-par-le-syndicat-des-etudiants-de-luniversite-ryerson\\\/\",\"name\":\"Rassemblement de la f\u00eate des M\u00e8res visant \u00e0 soutenir le cong\u00e9 de maternit\u00e9 apr\u00e8s qu\u2019une nouvelle maman ait \u00e9t\u00e9 cong\u00e9di\u00e9e par le Syndicat des \u00e9tudiants de l\u2019Universit\u00e9 Ryerson - SCFP-Ontario\",\"isPartOf\":{\"@id\":\"https:\\\/\\\/cupe.on.ca\\\/fr\\\/#website\"},\"primaryImageOfPage\":{\"@id\":\"https:\\\/\\\/cupe.on.ca\\\/fr\\\/rassemblement-de-la-fete-des-meres-visant-a-soutenir-le-conge-de-maternite-apres-quune-nouvelle-maman-ait-ete-congediee-par-le-syndicat-des-etudiants-de-luniversite-ryerson\\\/#primaryimage\"},\"image\":{\"@id\":\"https:\\\/\\\/cupe.on.ca\\\/fr\\\/rassemblement-de-la-fete-des-meres-visant-a-soutenir-le-conge-de-maternite-apres-quune-nouvelle-maman-ait-ete-congediee-par-le-syndicat-des-etudiants-de-luniversite-ryerson\\\/#primaryimage\"},\"thumbnailUrl\":\"https:\\\/\\\/cupe.on.ca\\\/wp-content\\\/uploads\\\/2016\\\/05\\\/2016-05-03-IStandWithGIlary-Anique-J-Jordan-3-1.jpg\",\"datePublished\":\"2016-05-05T16:05:19+00:00\",\"author\":{\"@id\":\"https:\\\/\\\/cupe.on.ca\\\/fr\\\/#\\\/schema\\\/person\\\/f46ca1a735eeed4b908e73f5e0cbce21\"},\"breadcrumb\":{\"@id\":\"https:\\\/\\\/cupe.on.ca\\\/fr\\\/rassemblement-de-la-fete-des-meres-visant-a-soutenir-le-conge-de-maternite-apres-quune-nouvelle-maman-ait-ete-congediee-par-le-syndicat-des-etudiants-de-luniversite-ryerson\\\/#breadcrumb\"},\"inLanguage\":\"fr-FR\",\"potentialAction\":[{\"@type\":\"ReadAction\",\"target\":[\"https:\\\/\\\/cupe.on.ca\\\/fr\\\/rassemblement-de-la-fete-des-meres-visant-a-soutenir-le-conge-de-maternite-apres-quune-nouvelle-maman-ait-ete-congediee-par-le-syndicat-des-etudiants-de-luniversite-ryerson\\\/\"]}]},{\"@type\":\"ImageObject\",\"inLanguage\":\"fr-FR\",\"@id\":\"https:\\\/\\\/cupe.on.ca\\\/fr\\\/rassemblement-de-la-fete-des-meres-visant-a-soutenir-le-conge-de-maternite-apres-quune-nouvelle-maman-ait-ete-congediee-par-le-syndicat-des-etudiants-de-luniversite-ryerson\\\/#primaryimage\",\"url\":\"https:\\\/\\\/cupe.on.ca\\\/wp-content\\\/uploads\\\/2016\\\/05\\\/2016-05-03-IStandWithGIlary-Anique-J-Jordan-3-1.jpg\",\"contentUrl\":\"https:\\\/\\\/cupe.on.ca\\\/wp-content\\\/uploads\\\/2016\\\/05\\\/2016-05-03-IStandWithGIlary-Anique-J-Jordan-3-1.jpg\",\"width\":876,\"height\":458},{\"@type\":\"BreadcrumbList\",\"@id\":\"https:\\\/\\\/cupe.on.ca\\\/fr\\\/rassemblement-de-la-fete-des-meres-visant-a-soutenir-le-conge-de-maternite-apres-quune-nouvelle-maman-ait-ete-congediee-par-le-syndicat-des-etudiants-de-luniversite-ryerson\\\/#breadcrumb\",\"itemListElement\":[{\"@type\":\"ListItem\",\"position\":1,\"name\":\"Home\",\"item\":\"https:\\\/\\\/cupe.on.ca\\\/fr\\\/\"},{\"@type\":\"ListItem\",\"position\":2,\"name\":\"Rassemblement de la f\u00eate des M\u00e8res visant \u00e0 soutenir le cong\u00e9 de maternit\u00e9 apr\u00e8s qu\u2019une nouvelle maman ait \u00e9t\u00e9 cong\u00e9di\u00e9e par le Syndicat des \u00e9tudiants de l\u2019Universit\u00e9 Ryerson\"}]},{\"@type\":\"WebSite\",\"@id\":\"https:\\\/\\\/cupe.on.ca\\\/fr\\\/#website\",\"url\":\"https:\\\/\\\/cupe.on.ca\\\/fr\\\/\",\"name\":\"SCFP-Ontario\",\"description\":\"B\u00e2tir Un Ontario Meilleur\",\"potentialAction\":[{\"@type\":\"SearchAction\",\"target\":{\"@type\":\"EntryPoint\",\"urlTemplate\":\"https:\\\/\\\/cupe.on.ca\\\/fr\\\/?s={search_term_string}\"},\"query-input\":{\"@type\":\"PropertyValueSpecification\",\"valueRequired\":true,\"valueName\":\"search_term_string\"}}],\"inLanguage\":\"fr-FR\"},{\"@type\":\"Person\",\"@id\":\"https:\\\/\\\/cupe.on.ca\\\/fr\\\/#\\\/schema\\\/person\\\/f46ca1a735eeed4b908e73f5e0cbce21\",\"name\":\"Patricia Vanderputt\",\"url\":\"https:\\\/\\\/cupe.on.ca\\\/fr\\\/author\\\/pvanderputt\\\/\"}]}<\/script>\n<!-- \/ Yoast SEO plugin. -->","yoast_head_json":{"title":"Rassemblement de la f\u00eate des M\u00e8res visant \u00e0 soutenir le cong\u00e9 de maternit\u00e9 apr\u00e8s qu\u2019une nouvelle maman ait \u00e9t\u00e9 cong\u00e9di\u00e9e par le Syndicat des \u00e9tudiants de l\u2019Universit\u00e9 Ryerson - SCFP-Ontario","robots":{"index":"index","follow":"follow","max-snippet":"max-snippet:-1","max-image-preview":"max-image-preview:large","max-video-preview":"max-video-preview:-1"},"canonical":"https:\/\/cupe.on.ca\/fr\/rassemblement-de-la-fete-des-meres-visant-a-soutenir-le-conge-de-maternite-apres-quune-nouvelle-maman-ait-ete-congediee-par-le-syndicat-des-etudiants-de-luniversite-ryerson\/","og_locale":"fr_FR","og_type":"article","og_title":"Rassemblement de la f\u00eate des M\u00e8res visant \u00e0 soutenir le cong\u00e9 de maternit\u00e9 apr\u00e8s qu\u2019une nouvelle maman ait \u00e9t\u00e9 cong\u00e9di\u00e9e par le Syndicat des \u00e9tudiants de l\u2019Universit\u00e9 Ryerson - SCFP-Ontario","og_description":"TORONTO (ONTARIO) \u2013 Les supporteurs de la campagne #IStandWithGilary (J\u2019appuie Gilary) se rassembleront le jour de la f\u00eate des M\u00e8res afin de manifester leur indignation face au cong\u00e9diement ill\u00e9gal, par le Syndicat des \u00e9tudiants de l\u2019Universit\u00e9 Ryerson, d\u2019une m\u00e8re de Toronto qui \u00e9tait en cong\u00e9 de maternit\u00e9. Gilary Massa a \u00e9t\u00e9 cong\u00e9di\u00e9e du Syndicat des&hellip;","og_url":"https:\/\/cupe.on.ca\/fr\/rassemblement-de-la-fete-des-meres-visant-a-soutenir-le-conge-de-maternite-apres-quune-nouvelle-maman-ait-ete-congediee-par-le-syndicat-des-etudiants-de-luniversite-ryerson\/","og_site_name":"SCFP-Ontario","article_publisher":"https:\/\/facebook.com\/CUPEOntario","article_published_time":"2016-05-05T16:05:19+00:00","og_image":[{"width":876,"height":458,"url":"https:\/\/cupe.on.ca\/wp-content\/uploads\/2016\/05\/2016-05-03-IStandWithGIlary-Anique-J-Jordan-3-1.jpg","type":"image\/jpeg"}],"author":"Patricia Vanderputt","twitter_card":"summary_large_image","twitter_creator":"@CUPEOntario","twitter_site":"@CUPEOntario","schema":{"@context":"https:\/\/schema.org","@graph":[{"@type":"Article","@id":"https:\/\/cupe.on.ca\/fr\/rassemblement-de-la-fete-des-meres-visant-a-soutenir-le-conge-de-maternite-apres-quune-nouvelle-maman-ait-ete-congediee-par-le-syndicat-des-etudiants-de-luniversite-ryerson\/#article","isPartOf":{"@id":"https:\/\/cupe.on.ca\/fr\/rassemblement-de-la-fete-des-meres-visant-a-soutenir-le-conge-de-maternite-apres-quune-nouvelle-maman-ait-ete-congediee-par-le-syndicat-des-etudiants-de-luniversite-ryerson\/"},"author":{"name":"Patricia Vanderputt","@id":"https:\/\/cupe.on.ca\/fr\/#\/schema\/person\/f46ca1a735eeed4b908e73f5e0cbce21"},"headline":"Rassemblement de la f\u00eate des M\u00e8res visant \u00e0 soutenir le cong\u00e9 de maternit\u00e9 apr\u00e8s qu\u2019une nouvelle maman ait \u00e9t\u00e9 cong\u00e9di\u00e9e par le Syndicat des \u00e9tudiants de l\u2019Universit\u00e9 Ryerson","datePublished":"2016-05-05T16:05:19+00:00","mainEntityOfPage":{"@id":"https:\/\/cupe.on.ca\/fr\/rassemblement-de-la-fete-des-meres-visant-a-soutenir-le-conge-de-maternite-apres-quune-nouvelle-maman-ait-ete-congediee-par-le-syndicat-des-etudiants-de-luniversite-ryerson\/"},"wordCount":455,"image":{"@id":"https:\/\/cupe.on.ca\/fr\/rassemblement-de-la-fete-des-meres-visant-a-soutenir-le-conge-de-maternite-apres-quune-nouvelle-maman-ait-ete-congediee-par-le-syndicat-des-etudiants-de-luniversite-ryerson\/#primaryimage"},"thumbnailUrl":"https:\/\/cupe.on.ca\/wp-content\/uploads\/2016\/05\/2016-05-03-IStandWithGIlary-Anique-J-Jordan-3-1.jpg","articleSection":["Femmes"],"inLanguage":"fr-FR"},{"@type":"WebPage","@id":"https:\/\/cupe.on.ca\/fr\/rassemblement-de-la-fete-des-meres-visant-a-soutenir-le-conge-de-maternite-apres-quune-nouvelle-maman-ait-ete-congediee-par-le-syndicat-des-etudiants-de-luniversite-ryerson\/","url":"https:\/\/cupe.on.ca\/fr\/rassemblement-de-la-fete-des-meres-visant-a-soutenir-le-conge-de-maternite-apres-quune-nouvelle-maman-ait-ete-congediee-par-le-syndicat-des-etudiants-de-luniversite-ryerson\/","name":"Rassemblement de la f\u00eate des M\u00e8res visant \u00e0 soutenir le cong\u00e9 de maternit\u00e9 apr\u00e8s qu\u2019une nouvelle maman ait \u00e9t\u00e9 cong\u00e9di\u00e9e par le Syndicat des \u00e9tudiants de l\u2019Universit\u00e9 Ryerson - SCFP-Ontario","isPartOf":{"@id":"https:\/\/cupe.on.ca\/fr\/#website"},"primaryImageOfPage":{"@id":"https:\/\/cupe.on.ca\/fr\/rassemblement-de-la-fete-des-meres-visant-a-soutenir-le-conge-de-maternite-apres-quune-nouvelle-maman-ait-ete-congediee-par-le-syndicat-des-etudiants-de-luniversite-ryerson\/#primaryimage"},"image":{"@id":"https:\/\/cupe.on.ca\/fr\/rassemblement-de-la-fete-des-meres-visant-a-soutenir-le-conge-de-maternite-apres-quune-nouvelle-maman-ait-ete-congediee-par-le-syndicat-des-etudiants-de-luniversite-ryerson\/#primaryimage"},"thumbnailUrl":"https:\/\/cupe.on.ca\/wp-content\/uploads\/2016\/05\/2016-05-03-IStandWithGIlary-Anique-J-Jordan-3-1.jpg","datePublished":"2016-05-05T16:05:19+00:00","author":{"@id":"https:\/\/cupe.on.ca\/fr\/#\/schema\/person\/f46ca1a735eeed4b908e73f5e0cbce21"},"breadcrumb":{"@id":"https:\/\/cupe.on.ca\/fr\/rassemblement-de-la-fete-des-meres-visant-a-soutenir-le-conge-de-maternite-apres-quune-nouvelle-maman-ait-ete-congediee-par-le-syndicat-des-etudiants-de-luniversite-ryerson\/#breadcrumb"},"inLanguage":"fr-FR","potentialAction":[{"@type":"ReadAction","target":["https:\/\/cupe.on.ca\/fr\/rassemblement-de-la-fete-des-meres-visant-a-soutenir-le-conge-de-maternite-apres-quune-nouvelle-maman-ait-ete-congediee-par-le-syndicat-des-etudiants-de-luniversite-ryerson\/"]}]},{"@type":"ImageObject","inLanguage":"fr-FR","@id":"https:\/\/cupe.on.ca\/fr\/rassemblement-de-la-fete-des-meres-visant-a-soutenir-le-conge-de-maternite-apres-quune-nouvelle-maman-ait-ete-congediee-par-le-syndicat-des-etudiants-de-luniversite-ryerson\/#primaryimage","url":"https:\/\/cupe.on.ca\/wp-content\/uploads\/2016\/05\/2016-05-03-IStandWithGIlary-Anique-J-Jordan-3-1.jpg","contentUrl":"https:\/\/cupe.on.ca\/wp-content\/uploads\/2016\/05\/2016-05-03-IStandWithGIlary-Anique-J-Jordan-3-1.jpg","width":876,"height":458},{"@type":"BreadcrumbList","@id":"https:\/\/cupe.on.ca\/fr\/rassemblement-de-la-fete-des-meres-visant-a-soutenir-le-conge-de-maternite-apres-quune-nouvelle-maman-ait-ete-congediee-par-le-syndicat-des-etudiants-de-luniversite-ryerson\/#breadcrumb","itemListElement":[{"@type":"ListItem","position":1,"name":"Home","item":"https:\/\/cupe.on.ca\/fr\/"},{"@type":"ListItem","position":2,"name":"Rassemblement de la f\u00eate des M\u00e8res visant \u00e0 soutenir le cong\u00e9 de maternit\u00e9 apr\u00e8s qu\u2019une nouvelle maman ait \u00e9t\u00e9 cong\u00e9di\u00e9e par le Syndicat des \u00e9tudiants de l\u2019Universit\u00e9 Ryerson"}]},{"@type":"WebSite","@id":"https:\/\/cupe.on.ca\/fr\/#website","url":"https:\/\/cupe.on.ca\/fr\/","name":"SCFP-Ontario","description":"B\u00e2tir Un Ontario Meilleur","potentialAction":[{"@type":"SearchAction","target":{"@type":"EntryPoint","urlTemplate":"https:\/\/cupe.on.ca\/fr\/?s={search_term_string}"},"query-input":{"@type":"PropertyValueSpecification","valueRequired":true,"valueName":"search_term_string"}}],"inLanguage":"fr-FR"},{"@type":"Person","@id":"https:\/\/cupe.on.ca\/fr\/#\/schema\/person\/f46ca1a735eeed4b908e73f5e0cbce21","name":"Patricia Vanderputt","url":"https:\/\/cupe.on.ca\/fr\/author\/pvanderputt\/"}]}},"_links":{"self":[{"href":"https:\/\/cupe.on.ca\/fr\/wp-json\/wp\/v2\/posts\/22137","targetHints":{"allow":["GET"]}}],"collection":[{"href":"https:\/\/cupe.on.ca\/fr\/wp-json\/wp\/v2\/posts"}],"about":[{"href":"https:\/\/cupe.on.ca\/fr\/wp-json\/wp\/v2\/types\/post"}],"author":[{"embeddable":true,"href":"https:\/\/cupe.on.ca\/fr\/wp-json\/wp\/v2\/users\/4"}],"replies":[{"embeddable":true,"href":"https:\/\/cupe.on.ca\/fr\/wp-json\/wp\/v2\/comments?post=22137"}],"version-history":[{"count":0,"href":"https:\/\/cupe.on.ca\/fr\/wp-json\/wp\/v2\/posts\/22137\/revisions"}],"wp:featuredmedia":[{"embeddable":true,"href":"https:\/\/cupe.on.ca\/fr\/wp-json\/wp\/v2\/media\/22138"}],"wp:attachment":[{"href":"https:\/\/cupe.on.ca\/fr\/wp-json\/wp\/v2\/media?parent=22137"}],"wp:term":[{"taxonomy":"category","embeddable":true,"href":"https:\/\/cupe.on.ca\/fr\/wp-json\/wp\/v2\/categories?post=22137"},{"taxonomy":"post_tag","embeddable":true,"href":"https:\/\/cupe.on.ca\/fr\/wp-json\/wp\/v2\/tags?post=22137"}],"curies":[{"name":"wp","href":"https:\/\/api.w.org\/{rel}","templated":true}]}}